{"id":185691,"date":"2025-12-12T17:57:12","date_gmt":"2025-12-12T17:57:12","guid":{"rendered":"https:\/\/www.europesays.com\/pt\/185691\/"},"modified":"2025-12-12T17:57:12","modified_gmt":"2025-12-12T17:57:12","slug":"plano-dos-eua-contempla-adesao-da-ucrania-a-ue-em-2027","status":"publish","type":"post","link":"https:\/\/www.europesays.com\/pt\/185691\/","title":{"rendered":"Plano dos EUA contempla ades\u00e3o da Ucr\u00e2nia \u00e0 UE em 2027"},"content":{"rendered":"<p data-remotead-prev-elm=\"true\" data-remotead-elm-id=\"inread\">A Ucr\u00e2nia poder\u00e1 aderir \u00e0 Uni\u00e3o Europeia (UE) j\u00e1 em 2027, segundo o mais recente plano dos EUA para p\u00f4r fim \u00e0 guerra com a R\u00fassia, afirmou ontem \u00e0 ag\u00eancia France-Presse uma fonte de alto n\u00edvel familiarizada com o tema. O complexo processo de ades\u00e3o, que inclui reformas anticorrup\u00e7\u00e3o, demora geralmente anos e exige o voto un\u00e2nime dos 27 membros, mas alguns pa\u00edses, como a Hungria, t\u00eam manifestado consistentemente oposi\u00e7\u00e3o.<\/p>\n<p>A ideia de uma r\u00e1pida ades\u00e3o est\u00e1 presente na vers\u00e3o mais recente de um plano dos EUA, que inclui tamb\u00e9m a ced\u00eancia de territ\u00f3rio ucraniano \u00e0 R\u00fassia. &#8220;Est\u00e1 previsto, mas \u00e9 uma quest\u00e3o a ser negociada, e os americanos apoiam-no&#8221;, revelou a fonte, que falou sob anonimato.<\/p>\n<p>No dia anterior, o l\u00edder ucraniano, Volodymyr Zelensky disse que os EUA tinham a influ\u00eancia necess\u00e1ria para convencer os que se op\u00f5em \u00e0 entrada de Kiev. Donald Trump &#8220;possui v\u00e1rias alavancas de influ\u00eancia e que isso ter\u00e1 um efeito sobre aqueles que est\u00e3o atualmente a bloquear a Ucr\u00e2nia&#8221;, frisou. <\/p>\n","protected":false},"excerpt":{"rendered":"A Ucr\u00e2nia poder\u00e1 aderir \u00e0 Uni\u00e3o Europeia (UE) j\u00e1 em 2027, segundo o mais recente plano dos EUA&hellip;\n","protected":false},"author":2,"featured_media":185692,"comment_status":"","ping_status":"","sticky":false,"template":"","format":"standard","meta":{"footnotes":""},"categories":[8],"tags":[27,28,413,15,16,14,25,26,21,22,62,12,13,19,20,32,23,24,33,17,18,840,29,30,31,636],"class_list":{"0":"post-185691","1":"post","2":"type-post","3":"status-publish","4":"format-standard","5":"has-post-thumbnail","7":"category-principais-noticias","8":"tag-breaking-news","9":"tag-breakingnews","10":"tag-eua","11":"tag-featured-news","12":"tag-featurednews","13":"tag-headlines","14":"tag-latest-news","15":"tag-latestnews","16":"tag-main-news","17":"tag-mainnews","18":"tag-mundo","19":"tag-news","20":"tag-noticias","21":"tag-noticias-principais","22":"tag-noticiasprincipais","23":"tag-portugal","24":"tag-principais-noticias","25":"tag-principaisnoticias","26":"tag-pt","27":"tag-top-stories","28":"tag-topstories","29":"tag-ucrania","30":"tag-ultimas","31":"tag-ultimas-noticias","32":"tag-ultimasnoticias","33":"tag-uniao-europeia"},"share_on_mastodon":{"url":"https:\/\/pubeurope.com\/@pt\/115707893862270500","error":""},"_links":{"self":[{"href":"https:\/\/www.europesays.com\/pt\/wp-json\/wp\/v2\/posts\/185691","targetHints":{"allow":["GET"]}}],"collection":[{"href":"https:\/\/www.europesays.com\/pt\/wp-json\/wp\/v2\/posts"}],"about":[{"href":"https:\/\/www.europesays.com\/pt\/wp-json\/wp\/v2\/types\/post"}],"author":[{"embeddable":true,"href":"https:\/\/www.europesays.com\/pt\/wp-json\/wp\/v2\/users\/2"}],"replies":[{"embeddable":true,"href":"https:\/\/www.europesays.com\/pt\/wp-json\/wp\/v2\/comments?post=185691"}],"version-history":[{"count":0,"href":"https:\/\/www.europesays.com\/pt\/wp-json\/wp\/v2\/posts\/185691\/revisions"}],"wp:featuredmedia":[{"embeddable":true,"href":"https:\/\/www.europesays.com\/pt\/wp-json\/wp\/v2\/media\/185692"}],"wp:attachment":[{"href":"https:\/\/www.europesays.com\/pt\/wp-json\/wp\/v2\/media?parent=185691"}],"wp:term":[{"taxonomy":"category","embeddable":true,"href":"https:\/\/www.europesays.com\/pt\/wp-json\/wp\/v2\/categories?post=185691"},{"taxonomy":"post_tag","embeddable":true,"href":"https:\/\/www.europesays.com\/pt\/wp-json\/wp\/v2\/tags?post=185691"}],"curies":[{"name":"wp","href":"https:\/\/api.w.org\/{rel}","templated":true}]}}