{"id":185725,"date":"2025-12-12T18:26:12","date_gmt":"2025-12-12T18:26:12","guid":{"rendered":"https:\/\/www.europesays.com\/pt\/185725\/"},"modified":"2025-12-12T18:26:12","modified_gmt":"2025-12-12T18:26:12","slug":"pacote-laboral-ugt-espera-que-governo-deixe-cair-traves-mestras","status":"publish","type":"post","link":"https:\/\/www.europesays.com\/pt\/185725\/","title":{"rendered":"Pacote laboral. UGT espera que Governo deixe cair traves-mestras"},"content":{"rendered":"<p>                S\u00e9rgio Monte, secret\u00e1rio-geral adjunto da UGT, diz encarar com naturalidade a reuni\u00e3o convocada pela ministra do Trabalho um dia ap\u00f3s a greve geral.<\/p>\n<p><b>Em declara\u00e7\u00f5es \u00e0 RTP, S\u00e9rgio Monte pede que o Governo \u201cretire a proposta de cima da mesa e comece tudo de novo\u201d, acusando a ministra de, at\u00e9 agora, ter tido uma atitude \u201canti-negocial ao colocar traves-mestras das quais n\u00e3o quer abrir m\u00e3o\u201d.<\/b><\/p>\n<p>Para o secret\u00e1rio-geral da UGT, para que haja sucesso nas negocia\u00e7\u00f5es, o Governo deve iniciar \u201cum verdadeiro processo negocial, sem traves-mestras que n\u00e3o possam cair\u201d.<br \/>&#13;\n<\/p>\n<p>          <img decoding=\"async\" itemprop=\"image\" class=\"img-fluid\"   src=\"https:\/\/www.europesays.com\/pt\/wp-content\/uploads\/2025\/12\/92b1c7b6c99b32dd1c7409035d80481b_N.jpg\"\/><\/p>\n<p>\n<b>A ministra do Trabalho convocou esta sexta-feira a central sindical para uma reuni\u00e3o na pr\u00f3xima ter\u00e7a-feira, 16 de dezembro. O Governo afirma que pretende continuar as negocia\u00e7\u00f5es sobre o anteprojeto do executivo para a reforma da legisla\u00e7\u00e3o laboral.<\/b><\/p>\n<p>A convocat\u00f3ria surge um dia depois da greve geral convocada pela CGTP e UGT contra as altera\u00e7\u00f5es \u00e0 lei laboral propostas pelo Governo e que est\u00e3o a ser discutidas em Concerta\u00e7\u00e3o Social.<\/p>\n<p>O ministro das Finan\u00e7as mostrou-se confiante de que vai ser poss\u00edvel chegar a um acordo com os parceiros sociais.&#13;\n            <\/p>\n","protected":false},"excerpt":{"rendered":"S\u00e9rgio Monte, secret\u00e1rio-geral adjunto da UGT, diz encarar com naturalidade a reuni\u00e3o convocada pela ministra do Trabalho um&hellip;\n","protected":false},"author":2,"featured_media":185726,"comment_status":"","ping_status":"","sticky":false,"template":"","format":"standard","meta":{"footnotes":""},"categories":[10],"tags":[27,28,15,16,1322,14,25,26,21,22,12,13,19,20,32170,32,23,24,33,17,18,31790,29,30,31],"class_list":{"0":"post-185725","1":"post","2":"type-post","3":"status-publish","4":"format-standard","5":"has-post-thumbnail","7":"category-portugal","8":"tag-breaking-news","9":"tag-breakingnews","10":"tag-featured-news","11":"tag-featurednews","12":"tag-greve","13":"tag-headlines","14":"tag-latest-news","15":"tag-latestnews","16":"tag-main-news","17":"tag-mainnews","18":"tag-news","19":"tag-noticias","20":"tag-noticias-principais","21":"tag-noticiasprincipais","22":"tag-pacote-laboral","23":"tag-portugal","24":"tag-principais-noticias","25":"tag-principaisnoticias","26":"tag-pt","27":"tag-top-stories","28":"tag-topstories","29":"tag-ugt","30":"tag-ultimas","31":"tag-ultimas-noticias","32":"tag-ultimasnoticias"},"share_on_mastodon":{"url":"https:\/\/pubeurope.com\/@pt\/115708008187173832","error":""},"_links":{"self":[{"href":"https:\/\/www.europesays.com\/pt\/wp-json\/wp\/v2\/posts\/185725","targetHints":{"allow":["GET"]}}],"collection":[{"href":"https:\/\/www.europesays.com\/pt\/wp-json\/wp\/v2\/posts"}],"about":[{"href":"https:\/\/www.europesays.com\/pt\/wp-json\/wp\/v2\/types\/post"}],"author":[{"embeddable":true,"href":"https:\/\/www.europesays.com\/pt\/wp-json\/wp\/v2\/users\/2"}],"replies":[{"embeddable":true,"href":"https:\/\/www.europesays.com\/pt\/wp-json\/wp\/v2\/comments?post=185725"}],"version-history":[{"count":0,"href":"https:\/\/www.europesays.com\/pt\/wp-json\/wp\/v2\/posts\/185725\/revisions"}],"wp:featuredmedia":[{"embeddable":true,"href":"https:\/\/www.europesays.com\/pt\/wp-json\/wp\/v2\/media\/185726"}],"wp:attachment":[{"href":"https:\/\/www.europesays.com\/pt\/wp-json\/wp\/v2\/media?parent=185725"}],"wp:term":[{"taxonomy":"category","embeddable":true,"href":"https:\/\/www.europesays.com\/pt\/wp-json\/wp\/v2\/categories?post=185725"},{"taxonomy":"post_tag","embeddable":true,"href":"https:\/\/www.europesays.com\/pt\/wp-json\/wp\/v2\/tags?post=185725"}],"curies":[{"name":"wp","href":"https:\/\/api.w.org\/{rel}","templated":true}]}}