{"id":185727,"date":"2025-12-12T18:27:14","date_gmt":"2025-12-12T18:27:14","guid":{"rendered":"https:\/\/www.europesays.com\/pt\/185727\/"},"modified":"2025-12-12T18:27:14","modified_gmt":"2025-12-12T18:27:14","slug":"historico-rui-patricio-pendura-as-luvas-no-momento-certo-e-com-orgulho","status":"publish","type":"post","link":"https:\/\/www.europesays.com\/pt\/185727\/","title":{"rendered":"Hist\u00f3rico Rui Patr\u00edcio pendura as luvas no momento certo e com orgulho"},"content":{"rendered":"<p data-remotead-prev-elm=\"true\" data-remotead-elm-id=\"inread\">&#8220;\u00c9 um dia marcante na minha vida. Este foi o momento para o fazer e estou muito feliz. Tomei a decis\u00e3o de deixar o futebol porque \u00e9 isso que quero fazer agora. Podia ter continuado. Tive convites, mas queria terminar agora. Comecei muito novo, aos 18 anos, na alta competi\u00e7\u00e3o e agora quero fazer outras coisas. Foi uma decis\u00e3o ponderada&#8221;, afirmou Rui Patr\u00edcio.<\/p>\n<p>O agora antigo guardi\u00e3o, que com Portugal conquistou o Euro2016, a Liga das Na\u00e7\u00f5es de 2019 e tornou-se no guarda-redes mais internacional de sempre com 108 jogos, falava aos jornalistas ap\u00f3s a cerim\u00f3nia que decorreu na Cidade do Futebol, sede da Federa\u00e7\u00e3o Portuguesa de Futebol (FPF), em Oeiras.<\/p>\n<p>Patr\u00edcio, que a n\u00edvel de clubes representou Sporting, Wolverhampton, Roma, Atalanta e Al Ain, deixou no museu da FPF as chuteiras e as luvas que utilizou na final do Europeu de 2016, em Paris, e recebeu do presidente Pedro Proen\u00e7a a medalha de m\u00e9rito do organismo, bem como um trof\u00e9u e uma camisola a assinalar as 108 internacionaliza\u00e7\u00f5es.<\/p>\n<p data-remotead-prev-elm=\"true\" data-remotead-elm-id=\"centro1\">&#8220;Vou continuar ligado ao futebol, mas agora quero aproveitar o que n\u00e3o tive durante a carreira, que \u00e9 estar com a fam\u00edlia e filhos. Quero desfrutar. Depois de estar aqui vou, por exemplo, para a festa de natal dos meus filhos, algo que antes n\u00e3o podia fazer&#8221;, referiu.<\/p>\n<p>Para Patr\u00edcio, o melhor momento da carreira aconteceu precisamente na final do Euro2016, no Stade de France, quando fez uma grande defesa a um cabeceamento de Griezmann, interven\u00e7\u00e3o que manteve, na altura, o 0-0 no marcador, surgindo depois o golo eterno de \u00c9der j\u00e1 no prolongamento (1-0).<\/p>\n<p>&#8220;Esse foi o momento mais importante por tudo o que veio a seguir. Foi a defesa que fiz na minha carreira que teve mais impacto. Acabo a carreira orgulhoso. Joguei onde tinha de jogar, joguei o que tinha de jogar&#8221;, concluiu.<\/p>\n<p data-remotead-prev-elm=\"true\" data-remotead-elm-id=\"centro2\">Para j\u00e1, de acordo com Pedro Proen\u00e7a, que apelidou o antigo guardi\u00e3o de &#8220;lenda&#8221;, Patr\u00edcio vai continuar ligado \u00e0 FPF &#8220;noutras responsabilidades&#8221;.<\/p>\n<p>Na Cidade do Futebol, a cerim\u00f3nia de despedida de Rui Patr\u00edcio contou com v\u00eddeos dos melhores momentos da carreira do ex-jogador nascido em Leiria e teve a presen\u00e7a da sua fam\u00edlia, mas tamb\u00e9m de antigos colegas de sele\u00e7\u00e3o, como Adrien, Daniel Carri\u00e7o, Marco Caneira, Ricardo e \u00c9der, bem como do presidente do Sporting, Frederico Varandas.<\/p>\n<p>Lado a lado a assistir estiveram o atual selecionador, Roberto Mart\u00ednez, Fernando Santos e Paulo Bento, que comandaram Patr\u00edcio na sele\u00e7\u00e3o nacional.<\/p>\n<p data-remotead-prev-elm=\"true\" data-remotead-elm-id=\"centro3\">Bento, quando comandava o Sporting, foi mesmo o treinador respons\u00e1vel pelo in\u00edcio da carreira profissional do ex-guardi\u00e3o e tamb\u00e9m foi quem lan\u00e7ou Patr\u00edcio na baliza de Portugal.<\/p>\n<p>&#8220;Na altura, sab\u00edamos que est\u00e1vamos perante algu\u00e9m com qualidades enormes a n\u00edvel t\u00e9cnico, t\u00e1ticos, f\u00edsicas, emocionais e mentais. Com uma capacidade de trabalho e profissionalismo tremendo. Foi isso que o levou a construir uma carreira extraordin\u00e1ria&#8221;, disse Paulo Bento aos jornalistas.<\/p>\n<p>J\u00e1 Fernando Santos, que com Rui Patr\u00edcio conquistou o Euro de 2016 e a Liga das Na\u00e7\u00f5es de 2019, confessou que foi dos melhores guarda-redes com que trabalhou durante a sua carreira de treinador.<\/p>\n<p data-remotead-prev-elm=\"true\" data-remotead-elm-id=\"centro4\">&#8220;Fez um percurso not\u00e1vel e foi fundamental na conquista do Europeu e da Liga das Na\u00e7\u00f5es como guarda-redes. Foi mais importante como homem e o que representava dentro do grupo de trabalho com a sua humildade, vontade e esp\u00edrito de sacrif\u00edcio. Era um dos lideres da equipa na minha altura&#8221;, afirmou.<\/p>\n<p>Rui Patr\u00edcio estava sem clube desde o final de junho, quando deixou o Al Ain, dos Emirados \u00c1rabes Unidos, ao servi\u00e7o do qual realizou somente dois encontros, ambos no Mundial de clubes, depois de ter jogado nos italianos da Atalanta na \u00e9poca 2024\/25.<\/p>\n<p>O ex-guardi\u00e3o fez a forma\u00e7\u00e3o no Sporting e representou a equipa principal dos le\u00f5es durante 12 anos, entre 2006\/07 e 2017\/18, num total de 467 jogos em todas as competi\u00e7\u00f5es, sem nunca ser campe\u00e3o nacional, mas em que arrecadou duas Ta\u00e7as de Portugal (2007\/08 e 2014\/15), duas Superta\u00e7as C\u00e2ndido de Oliveira (2008 e 2015) e uma Ta\u00e7a da Liga (2017\/18).<\/p>\n","protected":false},"excerpt":{"rendered":"&#8220;\u00c9 um dia marcante na minha vida. Este foi o momento para o fazer e estou muito feliz.&hellip;\n","protected":false},"author":2,"featured_media":185728,"comment_status":"","ping_status":"","sticky":false,"template":"","format":"standard","meta":{"footnotes":""},"categories":[8],"tags":[27,28,135,15,16,285,524,14,25,26,21,22,12,13,19,20,32,23,24,33,16463,17,18,29,30,31],"class_list":{"0":"post-185727","1":"post","2":"type-post","3":"status-publish","4":"format-standard","5":"has-post-thumbnail","7":"category-principais-noticias","8":"tag-breaking-news","9":"tag-breakingnews","10":"tag-desporto","11":"tag-featured-news","12":"tag-featurednews","13":"tag-fpf","14":"tag-futebol","15":"tag-headlines","16":"tag-latest-news","17":"tag-latestnews","18":"tag-main-news","19":"tag-mainnews","20":"tag-news","21":"tag-noticias","22":"tag-noticias-principais","23":"tag-noticiasprincipais","24":"tag-portugal","25":"tag-principais-noticias","26":"tag-principaisnoticias","27":"tag-pt","28":"tag-rui-patricio","29":"tag-top-stories","30":"tag-topstories","31":"tag-ultimas","32":"tag-ultimas-noticias","33":"tag-ultimasnoticias"},"share_on_mastodon":{"url":"https:\/\/pubeurope.com\/@pt\/115708011869882318","error":""},"_links":{"self":[{"href":"https:\/\/www.europesays.com\/pt\/wp-json\/wp\/v2\/posts\/185727","targetHints":{"allow":["GET"]}}],"collection":[{"href":"https:\/\/www.europesays.com\/pt\/wp-json\/wp\/v2\/posts"}],"about":[{"href":"https:\/\/www.europesays.com\/pt\/wp-json\/wp\/v2\/types\/post"}],"author":[{"embeddable":true,"href":"https:\/\/www.europesays.com\/pt\/wp-json\/wp\/v2\/users\/2"}],"replies":[{"embeddable":true,"href":"https:\/\/www.europesays.com\/pt\/wp-json\/wp\/v2\/comments?post=185727"}],"version-history":[{"count":0,"href":"https:\/\/www.europesays.com\/pt\/wp-json\/wp\/v2\/posts\/185727\/revisions"}],"wp:featuredmedia":[{"embeddable":true,"href":"https:\/\/www.europesays.com\/pt\/wp-json\/wp\/v2\/media\/185728"}],"wp:attachment":[{"href":"https:\/\/www.europesays.com\/pt\/wp-json\/wp\/v2\/media?parent=185727"}],"wp:term":[{"taxonomy":"category","embeddable":true,"href":"https:\/\/www.europesays.com\/pt\/wp-json\/wp\/v2\/categories?post=185727"},{"taxonomy":"post_tag","embeddable":true,"href":"https:\/\/www.europesays.com\/pt\/wp-json\/wp\/v2\/tags?post=185727"}],"curies":[{"name":"wp","href":"https:\/\/api.w.org\/{rel}","templated":true}]}}