{"id":185761,"date":"2025-12-12T18:53:11","date_gmt":"2025-12-12T18:53:11","guid":{"rendered":"https:\/\/www.europesays.com\/pt\/185761\/"},"modified":"2025-12-12T18:53:11","modified_gmt":"2025-12-12T18:53:11","slug":"campanha-pccomponentes-ate-dia-25","status":"publish","type":"post","link":"https:\/\/www.europesays.com\/pt\/185761\/","title":{"rendered":"campanha PcComponentes at\u00e9 dia 25"},"content":{"rendered":"<p>O Natal est\u00e1 a chegar e, com ele, a corrida para encontrar o presente ideal, seja para a fam\u00edlia, amigos ou colegas. Para tornar esta miss\u00e3o mais simples, a <a target=\"_blank\" href=\"https:\/\/www.pccomponentes.pt\/\" rel=\"nofollow noopener\">PcComponentes<\/a> Portugal lan\u00e7a a sua campanha especial de Natal, dispon\u00edvel at\u00e9 25 de dezembro.<\/p>\n<p><a target=\"_blank\" href=\"https:\/\/pplware.sapo.pt\/wp-content\/uploads\/2025\/12\/1024x5761.jpg\" onclick=\"refreshIframe()\" class=\"foobox\" rel=\"nofollow noopener\"><img fetchpriority=\"high\" decoding=\"async\" src=\"https:\/\/www.europesays.com\/pt\/wp-content\/uploads\/2025\/12\/1024x5761-720x405.jpg\" alt=\"\" width=\"720\" height=\"405\" class=\"aligncenter size-medium wp-image-1093059\"  \/><\/a><\/p>\n<p>A campanha da Natal da PcComponentes est\u00e1 dispon\u00edvel at\u00e9 25 de dezembro, com descontos imperd\u00edveis, sugest\u00f5es inspiradoras e vantagens exclusivas pensadas para todos os p\u00fablicos e budgets.<\/p>\n<p>Descontos at\u00e9 40% em Tecnologia, Gaming e muito mais&#8230;<\/p>\n<p>A campanha re\u00fane centenas de ofertas com descontos at\u00e9 40%, abrangendo:<\/p>\n<ul>\n<li><strong>Descontos at\u00e9 40% em tecnologia<\/strong>, gadgets, gaming, componentes e muito mais.<\/li>\n<li><strong>Inspira\u00e7\u00e3o para presentes:<\/strong> sugest\u00f5es organizadas por categoria, interesses e perfis de utilizador, ideais para quem procura praticidade na hora de escolher.<\/li>\n<li><strong>Presentes para todos os budgets<\/strong>: op\u00e7\u00f5es acess\u00edveis e para todas as idades \u2014 desde brinquedos tecnol\u00f3gicos a equipamentos de topo.<\/li>\n<li><strong>Entrega antes do Natal<\/strong>: encomendas realizadas at\u00e9 22 de dezembro chegam a tempo de serem colocadas debaixo da \u00e1rvore.<\/li>\n<li><strong>Calend\u00e1rio do Advento<\/strong>: todos os dias, at\u00e9 25 de dezembro, a PcComponentes lan\u00e7a uma nova oferta exclusiva, v\u00e1lida apenas durante 24 horas.<\/li>\n<\/ul>\n<p><a target=\"_blank\" href=\"https:\/\/pplware.sapo.pt\/wp-content\/uploads\/2025\/12\/Pplware-1.jpg\" onclick=\"refreshIframe()\" class=\"foobox\" rel=\"nofollow noopener\"><img loading=\"lazy\" decoding=\"async\" src=\"https:\/\/www.europesays.com\/pt\/wp-content\/uploads\/2025\/12\/Pplware-1-720x405.jpg\" alt=\"\" width=\"720\" height=\"405\" class=\"aligncenter size-medium wp-image-1093060\"  \/><\/a><\/p>\n<p>Com variedade, conveni\u00eancia e pre\u00e7os competitivos, a <a target=\"_blank\" href=\"https:\/\/www.pccomponentes.pt\/\" rel=\"nofollow noopener\">PcComponentes<\/a> refor\u00e7a-se como uma das melhores op\u00e7\u00f5es para quem procura presentes tecnol\u00f3gicos. A campanha foi pensada para simplificar toda a jornada de compra, com ideias pr\u00e1ticas, entrega r\u00e1pida e promo\u00e7\u00f5es dedicadas a todos os perfis.<\/p>\n<p><a target=\"_blank\" class=\"wpcmsdev-button color-red\" href=\"https:\/\/www.pccomponentes.pt\/\" rel=\"nofollow noopener\">PcComponentes<\/a><\/p>\n","protected":false},"excerpt":{"rendered":"O Natal est\u00e1 a chegar e, com ele, a corrida para encontrar o presente ideal, seja para a&hellip;\n","protected":false},"author":2,"featured_media":185762,"comment_status":"","ping_status":"","sticky":false,"template":"","format":"standard","meta":{"footnotes":""},"categories":[83],"tags":[88,89,90,7561,18688,32,33],"class_list":{"0":"post-185761","1":"post","2":"type-post","3":"status-publish","4":"format-standard","5":"has-post-thumbnail","7":"category-empresas","8":"tag-business","9":"tag-economy","10":"tag-empresas","11":"tag-natal","12":"tag-pccomponentes","13":"tag-portugal","14":"tag-pt"},"share_on_mastodon":{"url":"https:\/\/pubeurope.com\/@pt\/115708114503999400","error":""},"_links":{"self":[{"href":"https:\/\/www.europesays.com\/pt\/wp-json\/wp\/v2\/posts\/185761","targetHints":{"allow":["GET"]}}],"collection":[{"href":"https:\/\/www.europesays.com\/pt\/wp-json\/wp\/v2\/posts"}],"about":[{"href":"https:\/\/www.europesays.com\/pt\/wp-json\/wp\/v2\/types\/post"}],"author":[{"embeddable":true,"href":"https:\/\/www.europesays.com\/pt\/wp-json\/wp\/v2\/users\/2"}],"replies":[{"embeddable":true,"href":"https:\/\/www.europesays.com\/pt\/wp-json\/wp\/v2\/comments?post=185761"}],"version-history":[{"count":0,"href":"https:\/\/www.europesays.com\/pt\/wp-json\/wp\/v2\/posts\/185761\/revisions"}],"wp:featuredmedia":[{"embeddable":true,"href":"https:\/\/www.europesays.com\/pt\/wp-json\/wp\/v2\/media\/185762"}],"wp:attachment":[{"href":"https:\/\/www.europesays.com\/pt\/wp-json\/wp\/v2\/media?parent=185761"}],"wp:term":[{"taxonomy":"category","embeddable":true,"href":"https:\/\/www.europesays.com\/pt\/wp-json\/wp\/v2\/categories?post=185761"},{"taxonomy":"post_tag","embeddable":true,"href":"https:\/\/www.europesays.com\/pt\/wp-json\/wp\/v2\/tags?post=185761"}],"curies":[{"name":"wp","href":"https:\/\/api.w.org\/{rel}","templated":true}]}}