{"id":185767,"date":"2025-12-12T18:58:23","date_gmt":"2025-12-12T18:58:23","guid":{"rendered":"https:\/\/www.europesays.com\/pt\/185767\/"},"modified":"2025-12-12T18:58:23","modified_gmt":"2025-12-12T18:58:23","slug":"choque-com-camiao-mata-condutor-em-grandola","status":"publish","type":"post","link":"https:\/\/www.europesays.com\/pt\/185767\/","title":{"rendered":"Choque com cami\u00e3o mata condutor em Gr\u00e2ndola"},"content":{"rendered":"<p data-remotead-prev-elm=\"true\" data-remotead-elm-id=\"inread\">O choque ocorreu \u00e0s 17.30 horas e obrigou ao corte total da circula\u00e7\u00e3o rodovi\u00e1ria neste tro\u00e7o do IC1 at\u00e9 perto das 22 horas. De acordo com fonte da Autoridade Nacional da Prote\u00e7\u00e3o Civil do Litoral Alentejano, ao local acorreram 17 elementos dos Bombeiros de Gr\u00e2ndola, bem como meios do INEM, GNR e Infraestruturas de Portugal, apoiados por oito viaturas.<\/p>\n<p>\u00c0 chegada dos meios de socorro, foram realizadas manobras de reanima\u00e7\u00e3o ao homem de 53 anos, mas este acabou por falecer no local. O \u00f3bito foi declarado pela equipa da Viatura M\u00e9dica de Emerg\u00eancia e Reanima\u00e7\u00e3o do Hospital do Litoral Alentejano, para onde foi transportado um outro homem, ferido leve.<\/p>\n<p>As causas do acidente s\u00e3o desconhecidas e v\u00e3o ser apuradas pelo N\u00facleo de Investiga\u00e7\u00e3o Criminal de Acidentes de Via\u00e7\u00e3o da GNR. <\/p>\n","protected":false},"excerpt":{"rendered":"O choque ocorreu \u00e0s 17.30 horas e obrigou ao corte total da circula\u00e7\u00e3o rodovi\u00e1ria neste tro\u00e7o do IC1&hellip;\n","protected":false},"author":2,"featured_media":185768,"comment_status":"","ping_status":"","sticky":false,"template":"","format":"standard","meta":{"footnotes":""},"categories":[8],"tags":[59,27,28,37753,15,16,14,37754,25,26,21,22,12,13,19,20,2409,32,23,24,33,17,18,29,30,31],"class_list":{"0":"post-185767","1":"post","2":"type-post","3":"status-publish","4":"format-standard","5":"has-post-thumbnail","7":"category-principais-noticias","8":"tag-acidente","9":"tag-breaking-news","10":"tag-breakingnews","11":"tag-concelho-grandola","12":"tag-featured-news","13":"tag-featurednews","14":"tag-headlines","15":"tag-ic1","16":"tag-latest-news","17":"tag-latestnews","18":"tag-main-news","19":"tag-mainnews","20":"tag-news","21":"tag-noticias","22":"tag-noticias-principais","23":"tag-noticiasprincipais","24":"tag-obito","25":"tag-portugal","26":"tag-principais-noticias","27":"tag-principaisnoticias","28":"tag-pt","29":"tag-top-stories","30":"tag-topstories","31":"tag-ultimas","32":"tag-ultimas-noticias","33":"tag-ultimasnoticias"},"share_on_mastodon":{"url":"https:\/\/pubeurope.com\/@pt\/115708133775161001","error":""},"_links":{"self":[{"href":"https:\/\/www.europesays.com\/pt\/wp-json\/wp\/v2\/posts\/185767","targetHints":{"allow":["GET"]}}],"collection":[{"href":"https:\/\/www.europesays.com\/pt\/wp-json\/wp\/v2\/posts"}],"about":[{"href":"https:\/\/www.europesays.com\/pt\/wp-json\/wp\/v2\/types\/post"}],"author":[{"embeddable":true,"href":"https:\/\/www.europesays.com\/pt\/wp-json\/wp\/v2\/users\/2"}],"replies":[{"embeddable":true,"href":"https:\/\/www.europesays.com\/pt\/wp-json\/wp\/v2\/comments?post=185767"}],"version-history":[{"count":0,"href":"https:\/\/www.europesays.com\/pt\/wp-json\/wp\/v2\/posts\/185767\/revisions"}],"wp:featuredmedia":[{"embeddable":true,"href":"https:\/\/www.europesays.com\/pt\/wp-json\/wp\/v2\/media\/185768"}],"wp:attachment":[{"href":"https:\/\/www.europesays.com\/pt\/wp-json\/wp\/v2\/media?parent=185767"}],"wp:term":[{"taxonomy":"category","embeddable":true,"href":"https:\/\/www.europesays.com\/pt\/wp-json\/wp\/v2\/categories?post=185767"},{"taxonomy":"post_tag","embeddable":true,"href":"https:\/\/www.europesays.com\/pt\/wp-json\/wp\/v2\/tags?post=185767"}],"curies":[{"name":"wp","href":"https:\/\/api.w.org\/{rel}","templated":true}]}}