{"id":185785,"date":"2025-12-12T19:10:20","date_gmt":"2025-12-12T19:10:20","guid":{"rendered":"https:\/\/www.europesays.com\/pt\/185785\/"},"modified":"2025-12-12T19:10:20","modified_gmt":"2025-12-12T19:10:20","slug":"ministro-das-financas-grego-vai-liderar-o-eurogrupo-eurogrupo","status":"publish","type":"post","link":"https:\/\/www.europesays.com\/pt\/185785\/","title":{"rendered":"Ministro das Finan\u00e7as grego vai liderar o Eurogrupo | Eurogrupo"},"content":{"rendered":"<p>O ministro das Finan\u00e7as grego, Kyriakos Pierrakakis, foi o escolhido para liderar o Eurogrupo, o \u00f3rg\u00e3o informal de coordena\u00e7\u00e3o da pol\u00edtica econ\u00f3mica e monet\u00e1ria dos pa\u00edses da zona euro, deixando para tr\u00e1s o <a href=\"https:\/\/www.publico.pt\/2025\/11\/28\/economia\/noticia\/ministros-financas-grecia-belgica-concorrem-presidencia-eurogrupo-2156461\" target=\"_blank\" rel=\"nofollow noopener\">candidato belga<\/a>.<\/p>\n<p>&#8220;O Eurogrupo elegeu hoje Kyriakos Pierrakakis, ministro da Economia e das Finan\u00e7as da Gr\u00e9cia, como presidente&#8221;, anunciou o Conselho da Uni\u00e3o Europeia (UE) esta quinta-feira.<\/p>\n<p>Pierrakakis e o vice-primeiro-ministro e ministro do Or\u00e7amento belga, Vincent Van Peteghem, eram os \u00fanicos candidatos, depois de o irland\u00eas Paschal Donohoe ter <a href=\"https:\/\/www.publico.pt\/2025\/11\/18\/economia\/noticia\/paschal-donohoe-deixa-presidencia-eurogrupo-ir-banco-mundial-2155071\" rel=\"nofollow noopener\" target=\"_blank\">abandonado o cargo<\/a> (e sa\u00eddo do Governo irland\u00eas) para se tornar director-geral do Banco Mundial, em Washington.<\/p>\n<p>Pierrakakis, que se formou na Universidade de Atenas e em Harvard, nos Estados Unidos, j\u00e1 foi ministro da Educa\u00e7\u00e3o e ministro da Governa\u00e7\u00e3o Digital no Governo grego.<\/p>\n","protected":false},"excerpt":{"rendered":"O ministro das Finan\u00e7as grego, Kyriakos Pierrakakis, foi o escolhido para liderar o Eurogrupo, o \u00f3rg\u00e3o informal de&hellip;\n","protected":false},"author":2,"featured_media":185786,"comment_status":"","ping_status":"","sticky":false,"template":"","format":"standard","meta":{"footnotes":""},"categories":[50],"tags":[27,28,476,32624,15,16,4234,14,25,26,21,22,62,12,13,19,20,23,24,17,18,29,30,31,636,63,64,65,1237],"class_list":{"0":"post-185785","1":"post","2":"type-post","3":"status-publish","4":"format-standard","5":"has-post-thumbnail","7":"category-mundo","8":"tag-breaking-news","9":"tag-breakingnews","10":"tag-economia","11":"tag-eurogrupo","12":"tag-featured-news","13":"tag-featurednews","14":"tag-grecia","15":"tag-headlines","16":"tag-latest-news","17":"tag-latestnews","18":"tag-main-news","19":"tag-mainnews","20":"tag-mundo","21":"tag-news","22":"tag-noticias","23":"tag-noticias-principais","24":"tag-noticiasprincipais","25":"tag-principais-noticias","26":"tag-principaisnoticias","27":"tag-top-stories","28":"tag-topstories","29":"tag-ultimas","30":"tag-ultimas-noticias","31":"tag-ultimasnoticias","32":"tag-uniao-europeia","33":"tag-world","34":"tag-world-news","35":"tag-worldnews","36":"tag-zona-euro"},"share_on_mastodon":{"url":"https:\/\/pubeurope.com\/@pt\/115708180906042390","error":""},"_links":{"self":[{"href":"https:\/\/www.europesays.com\/pt\/wp-json\/wp\/v2\/posts\/185785","targetHints":{"allow":["GET"]}}],"collection":[{"href":"https:\/\/www.europesays.com\/pt\/wp-json\/wp\/v2\/posts"}],"about":[{"href":"https:\/\/www.europesays.com\/pt\/wp-json\/wp\/v2\/types\/post"}],"author":[{"embeddable":true,"href":"https:\/\/www.europesays.com\/pt\/wp-json\/wp\/v2\/users\/2"}],"replies":[{"embeddable":true,"href":"https:\/\/www.europesays.com\/pt\/wp-json\/wp\/v2\/comments?post=185785"}],"version-history":[{"count":0,"href":"https:\/\/www.europesays.com\/pt\/wp-json\/wp\/v2\/posts\/185785\/revisions"}],"wp:featuredmedia":[{"embeddable":true,"href":"https:\/\/www.europesays.com\/pt\/wp-json\/wp\/v2\/media\/185786"}],"wp:attachment":[{"href":"https:\/\/www.europesays.com\/pt\/wp-json\/wp\/v2\/media?parent=185785"}],"wp:term":[{"taxonomy":"category","embeddable":true,"href":"https:\/\/www.europesays.com\/pt\/wp-json\/wp\/v2\/categories?post=185785"},{"taxonomy":"post_tag","embeddable":true,"href":"https:\/\/www.europesays.com\/pt\/wp-json\/wp\/v2\/tags?post=185785"}],"curies":[{"name":"wp","href":"https:\/\/api.w.org\/{rel}","templated":true}]}}