{"id":185793,"date":"2025-12-12T19:14:12","date_gmt":"2025-12-12T19:14:12","guid":{"rendered":"https:\/\/www.europesays.com\/pt\/185793\/"},"modified":"2025-12-12T19:14:12","modified_gmt":"2025-12-12T19:14:12","slug":"rua-xv-em-curitiba-vai-ganhar-escultura-de-jaime-lerner","status":"publish","type":"post","link":"https:\/\/www.europesays.com\/pt\/185793\/","title":{"rendered":"Rua XV, em Curitiba, vai ganhar escultura de Jaime Lerner"},"content":{"rendered":"<p><img width=\"800\" height=\"533\" src=\"https:\/\/www.europesays.com\/pt\/wp-content\/uploads\/2025\/12\/jaime.jpg\" class=\"attachment-870xauto size-870xauto wp-post-image\" alt=\"jaime\" decoding=\"async\" fetchpriority=\"high\"  \/>(Pedro Ribas\/SECOM)<\/p>\n<p>O cal\u00e7ad\u00e3o da Rua XV de Novembro, em Curitiba, vai ganhar uma escultura do ex-prefeito Jaime Lerner. Ela vai ser colocada no anivers\u00e1rio de Curitiba, em mar\u00e7o de 2026.<\/p>\n<p>\u201cNo anivers\u00e1rio de 333 anos de Curitiba teremos Jaime Lerner sentado na Rua XV para a eternidade. \u00c9 a homenagem da cidade para o arquiteto, ex-prefeito, ex-governador, que deixou um legado hist\u00f3rico para Curitiba\u201d, disse o prefeito Eduardo Pimentel.<\/p>\n<p>A est\u00e1tua \u00e9 feita pelo artista Elvo Benito Damo, no seu ateli\u00ea, no bairro Barreirinha. A est\u00e1tua, em bronze, mostrar\u00e1 o ex-prefeito com um l\u00e1pis e um caderno de anota\u00e7\u00f5es aberto, que exibir\u00e1 uma de suas famosas frases em relevo: \u201cQuem cria, nasce todo dia\u201d.<\/p>\n<p>A escultura, que pesar\u00e1 cerca de 200 quilos, mostrar\u00e1 Jaime Lerner sentado em um banco toinoinoin, design assinado por ele, na cor vermelha. \u201cA inten\u00e7\u00e3o \u00e9 enviar o material para fundi\u00e7\u00e3o nos pr\u00f3ximos meses para que a escultura possa ser exibida em mar\u00e7o do pr\u00f3ximo ano\u201d, disse o artista pl\u00e1stico Elvo Damo.<\/p>\n<p>Na visita que fez ao ateli\u00ea o prefeito Eduardo Pimentel estava acompanhado do presidente da Funda\u00e7\u00e3o Cultural de Curitiba (FCC), Marino Galv\u00e3o J\u00fanior, e ressaltou a import\u00e2ncia de Jaime Lerner por sua vis\u00e3o sobre as cidades e inova\u00e7\u00e3o, com a cria\u00e7\u00e3o de projetos reconhecidos mundialmente. A Rua XV de Novembro, criada por Lerner, por exemplo, foi o primeiro cal\u00e7ad\u00e3o exclusivo para pedestres do Brasil.<\/p>\n<p>Andrea Lerner, filha do ex-prefeito, acompanhou a visita e deu sugest\u00f5es para o artista. \u201c\u00c9 muito emocionante ver a escultura surgindo. O sorriso est\u00e1 igual ao do meu pai\u201d, disse ela. Gerson Guelmann, conselheiro do Instituto Jaime Lerner, tamb\u00e9m enalteceu a iniciativa de homenagear o arquiteto e urbanista, que morreu em 2021. \u201cTrabalhei 20 anos com o Jaime Lerner. \u00c9 muito gratificante estar aqui hoje. Se estivesse vivo, Jaime faria 88 anos em dezembro\u201d. Tamb\u00e9m participaram da visita o publicit\u00e1rio e artista visual Marcos Bento e o diretor administrativo e financeiro da Funda\u00e7\u00e3o Cultural, Cristiano Morrissy.<\/p>\n<p>Em julho desse ano, o prefeito participou do lan\u00e7amento do Parque Jaime Lerner, complexo formado pela \u00d3pera de Arame, Pedreira Paulo Leminski e Rua da M\u00fasica, conex\u00e3o que une os dois espa\u00e7os culturais da cidade e ser\u00e1 mais um atrativo de Curitiba.<\/p>\n","protected":false},"excerpt":{"rendered":"(Pedro Ribas\/SECOM) O cal\u00e7ad\u00e3o da Rua XV de Novembro, em Curitiba, vai ganhar uma escultura do ex-prefeito Jaime&hellip;\n","protected":false},"author":2,"featured_media":185794,"comment_status":"","ping_status":"","sticky":false,"template":"","format":"standard","meta":{"footnotes":""},"categories":[144],"tags":[207,205,206,203,201,202,204,114,115,32,33],"class_list":{"0":"post-185793","1":"post","2":"type-post","3":"status-publish","4":"format-standard","5":"has-post-thumbnail","7":"category-arte-e-design","8":"tag-arte","9":"tag-arte-e-design","10":"tag-artedesign","11":"tag-arts","12":"tag-arts-and-design","13":"tag-artsanddesign","14":"tag-design","15":"tag-entertainment","16":"tag-entretenimento","17":"tag-portugal","18":"tag-pt"},"share_on_mastodon":{"url":"https:\/\/pubeurope.com\/@pt\/115708196572693489","error":""},"_links":{"self":[{"href":"https:\/\/www.europesays.com\/pt\/wp-json\/wp\/v2\/posts\/185793","targetHints":{"allow":["GET"]}}],"collection":[{"href":"https:\/\/www.europesays.com\/pt\/wp-json\/wp\/v2\/posts"}],"about":[{"href":"https:\/\/www.europesays.com\/pt\/wp-json\/wp\/v2\/types\/post"}],"author":[{"embeddable":true,"href":"https:\/\/www.europesays.com\/pt\/wp-json\/wp\/v2\/users\/2"}],"replies":[{"embeddable":true,"href":"https:\/\/www.europesays.com\/pt\/wp-json\/wp\/v2\/comments?post=185793"}],"version-history":[{"count":0,"href":"https:\/\/www.europesays.com\/pt\/wp-json\/wp\/v2\/posts\/185793\/revisions"}],"wp:featuredmedia":[{"embeddable":true,"href":"https:\/\/www.europesays.com\/pt\/wp-json\/wp\/v2\/media\/185794"}],"wp:attachment":[{"href":"https:\/\/www.europesays.com\/pt\/wp-json\/wp\/v2\/media?parent=185793"}],"wp:term":[{"taxonomy":"category","embeddable":true,"href":"https:\/\/www.europesays.com\/pt\/wp-json\/wp\/v2\/categories?post=185793"},{"taxonomy":"post_tag","embeddable":true,"href":"https:\/\/www.europesays.com\/pt\/wp-json\/wp\/v2\/tags?post=185793"}],"curies":[{"name":"wp","href":"https:\/\/api.w.org\/{rel}","templated":true}]}}