{"id":185811,"date":"2025-12-12T19:30:11","date_gmt":"2025-12-12T19:30:11","guid":{"rendered":"https:\/\/www.europesays.com\/pt\/185811\/"},"modified":"2025-12-12T19:30:11","modified_gmt":"2025-12-12T19:30:11","slug":"quadro-de-isabel-veloso-se-agrava-e-marido-toma-atitude-noticias-nada-boas","status":"publish","type":"post","link":"https:\/\/www.europesays.com\/pt\/185811\/","title":{"rendered":"Quadro de Isabel Veloso se agrava e marido toma atitude: &#8216;Not\u00edcias nada boas&#8217;"},"content":{"rendered":"<p>Delicado! Com apreens\u00e3o e muita emo\u00e7\u00e3o, o empres\u00e1rio<strong> Lucas Borbas<\/strong>, marido da influencer I<strong>sabel Veloso,<\/strong> usou as suas redes sociais nesta quinta-feira (11\/12) para informar para todos que est\u00e1 retornando a Curitiba, no Paran\u00e1.<\/p>\n<p>Em uma mensagem tocante que foi compartilhada nos Stories do Instagram, o companheiro do amado pediu que amigos, f\u00e3s e seguidores rezassem pela jovem, agradecendo o carinho que tem recebido \u201cem sil\u00eancio, em ora\u00e7\u00e3o, em gestos e em palavras\u201d. Sem detalhar mais do boletim cl\u00ednico da amada, ele destacou que a f\u00e9 tem guiado cada passo da fam\u00edlia neste momento delicado. \u201cSeguimos firmes, com f\u00e9 e acreditando que Deus est\u00e1 conosco em cada passo\u201d, escreveu.<\/p>\n<p> O que mais ele disse? <\/p>\n<p>\u201cHoje pela tarde eu recebi not\u00edcias n\u00e3o muito boas sobre a Isabel, e por isso estou voltando para Curitiba\u201d, contou ele. \u201cN\u00e3o quero entrar em detalhes mas pe\u00e7o ora\u00e7\u00f5es para todos que sempre nos acolheram com tanto carinho\u201d, refor\u00e7ou Lucas na web.<\/p>\n<p> Como a Isabel est\u00e1? <\/p>\n<p>A influenciadora digital Isabel Veloso, que enfrenta um linfoma de Hodgkin desde a adolesc\u00eancia, passou por um transplante de medula no m\u00eas de outubro e est\u00e1 internada na UTI desde o fim de novembro, depois de sofrer por complica\u00e7\u00f5es respirat\u00f3rias graves. Ela chegou a ser entubada devido a uma pneumonia, apresentou melhora tempor\u00e1ria e saiu da terapia intensiva, por\u00e9m, teve que retornar ao setor dias depois disso. A evolu\u00e7\u00e3o do quadro mais recente motivou a volta urgente de Lucas para a cidade deles.<\/p>\n<p>Ele ainda contou que tem vivido desafios pessoais e emocionais ao lidar com a dist\u00e2ncia e com a rotina sem a esposa, j\u00e1 que se casaram e tiveram um filho juntos. Ele relatou que visitou o apartamento do casal em Cascavel no dia de seu anivers\u00e1rio, mas descreveu essa experi\u00eancia como muito solit\u00e1ria e bastante triste.<\/p>\n<p>O empres\u00e1rio ainda declarou que um antigo plano do casal, de construir a t\u00e3o sonhada casa pr\u00f3pria, precisou ser adaptado neste momento. A obra, inicialmente prevista para Cascavel, ser\u00e1 realizada agora em Dois Vizinhos, onde Lucas disse se sentir mais amparado.<\/p>\n<p>Para concluir o desabafo dele, o esposo da famosa agradeceu novamente pelas manifesta\u00e7\u00f5es de apoio e refor\u00e7ou que acredita na recupera\u00e7\u00e3o da influenciadora, que segue contando com o apoio de muitos f\u00e3s e seguidores na internet. \u201cEstamos juntos, em ora\u00e7\u00e3o. Oh, Deus! Permita que ela veja o filho crescer!\u201d, comentou uma pessoa na web.<\/p>\n<p>Leia tamb\u00e9m: <a href=\"https:\/\/contigo.com.br\/noticias\/a-fazenda\/a-fazenda-17-fabiano-humilha-duda-ao-vivo-passar-o-rodo.phtml\" rel=\"nofollow noopener\" target=\"_blank\">\u2018A Fazenda 17\u2019: Fabiano humilha Duda ao vivo: \u2018Passar o rodo\u2019<\/a><\/p>\n<p>\t Veja mais: <\/p>\n<p>\u00a0<\/p>\n<blockquote class=\"instagram-media\" style=\"background: #FFF; border: 0; border-radius: 3px; box-shadow: 0 0 1px 0 rgba(0,0,0,0.5),0 1px 10px 0 rgba(0,0,0,0.15); margin: 1px; max-width: 540px; min-width: 326px; padding: 0; width: calc(100% - 2px);\" data-instgrm-captioned=\"\" data-instgrm-permalink=\"https:\/\/www.instagram.com\/p\/DSIvVwUlVZi\/?utm_source=ig_embed&amp;utm_campaign=loading\" data-instgrm-version=\"14\"><\/blockquote>\n<p>\t                                            <script async src=\"\/\/www.instagram.com\/embed.js\"><\/script><\/p>\n","protected":false},"excerpt":{"rendered":"Delicado! Com apreens\u00e3o e muita emo\u00e7\u00e3o, o empres\u00e1rio Lucas Borbas, marido da influencer Isabel Veloso, usou as suas&hellip;\n","protected":false},"author":2,"featured_media":185812,"comment_status":"","ping_status":"","sticky":false,"template":"","format":"standard","meta":{"footnotes":""},"categories":[145],"tags":[211,210,114,115,7733,32,33],"class_list":{"0":"post-185811","1":"post","2":"type-post","3":"status-publish","4":"format-standard","5":"has-post-thumbnail","7":"category-celebridades","8":"tag-celebridades","9":"tag-celebrities","10":"tag-entertainment","11":"tag-entretenimento","12":"tag-isabel-veloso","13":"tag-portugal","14":"tag-pt"},"share_on_mastodon":{"url":"https:\/\/pubeurope.com\/@pt\/115708259418614615","error":""},"_links":{"self":[{"href":"https:\/\/www.europesays.com\/pt\/wp-json\/wp\/v2\/posts\/185811","targetHints":{"allow":["GET"]}}],"collection":[{"href":"https:\/\/www.europesays.com\/pt\/wp-json\/wp\/v2\/posts"}],"about":[{"href":"https:\/\/www.europesays.com\/pt\/wp-json\/wp\/v2\/types\/post"}],"author":[{"embeddable":true,"href":"https:\/\/www.europesays.com\/pt\/wp-json\/wp\/v2\/users\/2"}],"replies":[{"embeddable":true,"href":"https:\/\/www.europesays.com\/pt\/wp-json\/wp\/v2\/comments?post=185811"}],"version-history":[{"count":0,"href":"https:\/\/www.europesays.com\/pt\/wp-json\/wp\/v2\/posts\/185811\/revisions"}],"wp:featuredmedia":[{"embeddable":true,"href":"https:\/\/www.europesays.com\/pt\/wp-json\/wp\/v2\/media\/185812"}],"wp:attachment":[{"href":"https:\/\/www.europesays.com\/pt\/wp-json\/wp\/v2\/media?parent=185811"}],"wp:term":[{"taxonomy":"category","embeddable":true,"href":"https:\/\/www.europesays.com\/pt\/wp-json\/wp\/v2\/categories?post=185811"},{"taxonomy":"post_tag","embeddable":true,"href":"https:\/\/www.europesays.com\/pt\/wp-json\/wp\/v2\/tags?post=185811"}],"curies":[{"name":"wp","href":"https:\/\/api.w.org\/{rel}","templated":true}]}}