{"id":185813,"date":"2025-12-12T19:33:13","date_gmt":"2025-12-12T19:33:13","guid":{"rendered":"https:\/\/www.europesays.com\/pt\/185813\/"},"modified":"2025-12-12T19:33:13","modified_gmt":"2025-12-12T19:33:13","slug":"jorge-guerreiro-reage-ao-que-disseram-de-si-no-secret-story-estar-em-casa-e-ouvir-o-pedro-jorge-secret-story","status":"publish","type":"post","link":"https:\/\/www.europesays.com\/pt\/185813\/","title":{"rendered":"Jorge Guerreiro reage ao que disseram de si no Secret Story: \u00abEstar em casa e ouvir o Pedro Jorge\u00bb &#8211; Secret Story"},"content":{"rendered":"<p>Jorge Guerreiro reagiu ao que Pedro Jorge disse sobre si no Secret Story 9. <a href=\"https:\/\/selfie.iol.pt\/famosos\/jorge-guerreiro\/secret-story-jorge-guerreiro-reage-a-declaracoes-de-pedro-jorge-da-me-um-gozo-tremendo\/20251211\/6939a7cbd34e2bd5c6d4f3a6\" rel=\"nofollow noopener\" target=\"_blank\">Em declara\u00e7\u00f5es \u00e0 &#8216;SELFIE&#8217;<\/a>,\u00a0\u00a0\u00e0 margem da emiss\u00e3o especial da TVI &#8220;H\u00e1 Festa no Hospital&#8221;, o cantor disse n\u00e3o ter concorrentes preferidos, mas assumiu que gostou de ouvir algumas coisas sobre si.\u00a0<\/p>\n<p>\u00abGosto de v\u00e1rios concorrentes, acho que \u00e9 dif\u00edcil referir apenas um como favorito. \u00c0s vezes, h\u00e1 coisas de que gostamos num concorrente e, outras, que n\u00e3o gostamos tanto. Todos temos coisas boas e menos boas\u00bb, referiu \u00e0 mesma publica\u00e7\u00e3o.<\/p>\n<p>Jorge Guerreiro acrescentou: \u00abN\u00e3o tenho aquele preferido, mas d\u00e1-me um gozo tremendo estar em casa e ver aquela malta a dan\u00e7ar e a cantar as minhas m\u00fasicas. E a falar sobre mim&#8230; Isso \u00e9 espetacular\u00bb.\u00a0<\/p>\n<p>\u00abEstar em casa e ouvir o Pedro Jorge a dizer: &#8216;O Jorge Guerreiro \u00e9 que deveria ter ganhado&#8217;&#8230; Somos humanos, fico bastante feliz com isso. Orgulha-me saber que as minhas m\u00fasicas t\u00eam passado em todas as casas e que a malta fala das minhas m\u00fasicas e da minha pessoa. \u00c9 um privil\u00e9gio muito grande, sem hipocrisia nenhuma\u00bb, rematou.\u00a0<\/p>\n","protected":false},"excerpt":{"rendered":"Jorge Guerreiro reagiu ao que Pedro Jorge disse sobre si no Secret Story 9. Em declara\u00e7\u00f5es \u00e0 &#8216;SELFIE&#8217;,\u00a0\u00a0\u00e0&hellip;\n","protected":false},"author":2,"featured_media":185814,"comment_status":"","ping_status":"","sticky":false,"template":"","format":"standard","meta":{"footnotes":""},"categories":[142],"tags":[18706,114,115,18705,16216,21416,32,33,151,18704],"class_list":{"0":"post-185813","1":"post","2":"type-post","3":"status-publish","4":"format-standard","5":"has-post-thumbnail","7":"category-tv","8":"tag-bastidores-secret-story","9":"tag-entertainment","10":"tag-entretenimento","11":"tag-entrevistas-concorrentes-tvi","12":"tag-jorge-guerreiro","13":"tag-pedro-jorge","14":"tag-portugal","15":"tag-pt","16":"tag-tv","17":"tag-vida-fora-da-casa"},"share_on_mastodon":{"url":"https:\/\/pubeurope.com\/@pt\/115708271277186918","error":""},"_links":{"self":[{"href":"https:\/\/www.europesays.com\/pt\/wp-json\/wp\/v2\/posts\/185813","targetHints":{"allow":["GET"]}}],"collection":[{"href":"https:\/\/www.europesays.com\/pt\/wp-json\/wp\/v2\/posts"}],"about":[{"href":"https:\/\/www.europesays.com\/pt\/wp-json\/wp\/v2\/types\/post"}],"author":[{"embeddable":true,"href":"https:\/\/www.europesays.com\/pt\/wp-json\/wp\/v2\/users\/2"}],"replies":[{"embeddable":true,"href":"https:\/\/www.europesays.com\/pt\/wp-json\/wp\/v2\/comments?post=185813"}],"version-history":[{"count":0,"href":"https:\/\/www.europesays.com\/pt\/wp-json\/wp\/v2\/posts\/185813\/revisions"}],"wp:featuredmedia":[{"embeddable":true,"href":"https:\/\/www.europesays.com\/pt\/wp-json\/wp\/v2\/media\/185814"}],"wp:attachment":[{"href":"https:\/\/www.europesays.com\/pt\/wp-json\/wp\/v2\/media?parent=185813"}],"wp:term":[{"taxonomy":"category","embeddable":true,"href":"https:\/\/www.europesays.com\/pt\/wp-json\/wp\/v2\/categories?post=185813"},{"taxonomy":"post_tag","embeddable":true,"href":"https:\/\/www.europesays.com\/pt\/wp-json\/wp\/v2\/tags?post=185813"}],"curies":[{"name":"wp","href":"https:\/\/api.w.org\/{rel}","templated":true}]}}