{"id":185823,"date":"2025-12-12T19:40:22","date_gmt":"2025-12-12T19:40:22","guid":{"rendered":"https:\/\/www.europesays.com\/pt\/185823\/"},"modified":"2025-12-12T19:40:22","modified_gmt":"2025-12-12T19:40:22","slug":"tamega-mega-aerogeradores-exigem-transporte-inovador-observador","status":"publish","type":"post","link":"https:\/\/www.europesays.com\/pt\/185823\/","title":{"rendered":"T\u00e2mega. Mega-aerogeradores exigem transporte inovador \u2013 Observador"},"content":{"rendered":"<p>A Iberdrola iniciou o processo de instala\u00e7\u00e3o e montagem daquele que \u00e9 descrito como o maior parque e\u00f3lico de Portugal. O complexo formado pelos parques do T\u00e2mega Norte e T\u00e2mega Sul ter\u00e1 274 megawatts (MW) de pot\u00eancia que est\u00e1 assente em 38 aerogeradores. O investimento de 350 milh\u00f5es de euros vai funcionar em complemento com o sistema hidroel\u00e9trico do Alto T\u00e2mega, potenciando a produ\u00e7\u00e3o de eletricidade nas barragens exploradas pela el\u00e9trica espanhola.<\/p>\n<p>O parque vai estar dotado dos maiores e mais potentes geradores a n\u00edvel mundial, cada um com 7,2 MW de pot\u00eancia, que envolvem p\u00e1s de 85 metros e uma torre de 114 metros, dimens\u00f5es que representam um desafio para o transporte. Os equipamentos fabricados pela Vestas com partes produzidas em v\u00e1rios pa\u00edses europeus (incluindo Portugal) s\u00e3o enviados por mar para o Porto de Aveiro a partir da Pol\u00f3nia.<\/p>\n<p>Na \u00faltima fase, o transporte \u00e9 feito por estrada, mas com recurso a um sistema inovador, refere a el\u00e9trica em comunicado, um blader\u00a0lifter (ve\u00edculo vocacionado para este tipo de transporte). A tecnologia, \u201cpioneira na Europa\u201d, permitir\u00e1 realizar o transporte de forma segura e envolve um ve\u00edculo que permite rodar as p\u00e1s na vertical ou horizontal com o recurso a um mecanismo hidr\u00e1ulico ao qual a p\u00e1 \u00e9 acoplada para o transporte. Este equipamento permite inclina\u00e7\u00f5es de at\u00e9 60%, o que, por sua vez, permite contornar curvas apertadas, inclina\u00e7\u00f5es e outros obst\u00e1culos que possam surgir nas vias rodovi\u00e1rias.<\/p>\n","protected":false},"excerpt":{"rendered":"A Iberdrola iniciou o processo de instala\u00e7\u00e3o e montagem daquele que \u00e9 descrito como o maior parque e\u00f3lico&hellip;\n","protected":false},"author":2,"featured_media":185824,"comment_status":"","ping_status":"","sticky":false,"template":"","format":"standard","meta":{"footnotes":""},"categories":[83],"tags":[88,476,89,90,2270,12701,24162,32,33],"class_list":{"0":"post-185823","1":"post","2":"type-post","3":"status-publish","4":"format-standard","5":"has-post-thumbnail","7":"category-empresas","8":"tag-business","9":"tag-economia","10":"tag-economy","11":"tag-empresas","12":"tag-energia","13":"tag-energia-renovu00e1vel","14":"tag-iberdrola","15":"tag-portugal","16":"tag-pt"},"share_on_mastodon":{"url":"https:\/\/pubeurope.com\/@pt\/115708298946338701","error":""},"_links":{"self":[{"href":"https:\/\/www.europesays.com\/pt\/wp-json\/wp\/v2\/posts\/185823","targetHints":{"allow":["GET"]}}],"collection":[{"href":"https:\/\/www.europesays.com\/pt\/wp-json\/wp\/v2\/posts"}],"about":[{"href":"https:\/\/www.europesays.com\/pt\/wp-json\/wp\/v2\/types\/post"}],"author":[{"embeddable":true,"href":"https:\/\/www.europesays.com\/pt\/wp-json\/wp\/v2\/users\/2"}],"replies":[{"embeddable":true,"href":"https:\/\/www.europesays.com\/pt\/wp-json\/wp\/v2\/comments?post=185823"}],"version-history":[{"count":0,"href":"https:\/\/www.europesays.com\/pt\/wp-json\/wp\/v2\/posts\/185823\/revisions"}],"wp:featuredmedia":[{"embeddable":true,"href":"https:\/\/www.europesays.com\/pt\/wp-json\/wp\/v2\/media\/185824"}],"wp:attachment":[{"href":"https:\/\/www.europesays.com\/pt\/wp-json\/wp\/v2\/media?parent=185823"}],"wp:term":[{"taxonomy":"category","embeddable":true,"href":"https:\/\/www.europesays.com\/pt\/wp-json\/wp\/v2\/categories?post=185823"},{"taxonomy":"post_tag","embeddable":true,"href":"https:\/\/www.europesays.com\/pt\/wp-json\/wp\/v2\/tags?post=185823"}],"curies":[{"name":"wp","href":"https:\/\/api.w.org\/{rel}","templated":true}]}}