{"id":185827,"date":"2025-12-12T19:42:16","date_gmt":"2025-12-12T19:42:16","guid":{"rendered":"https:\/\/www.europesays.com\/pt\/185827\/"},"modified":"2025-12-12T19:42:16","modified_gmt":"2025-12-12T19:42:16","slug":"empresario-suspeito-de-liderar-rede-milionaria-de-branqueamento-posto-em-prisao-preventiva","status":"publish","type":"post","link":"https:\/\/www.europesays.com\/pt\/185827\/","title":{"rendered":"Empres\u00e1rio suspeito de liderar rede milion\u00e1ria de branqueamento posto em pris\u00e3o preventiva"},"content":{"rendered":"<p data-remotead-prev-elm=\"true\" data-remotead-elm-id=\"inread\">O alegado bra\u00e7o direito do empres\u00e1rio tamb\u00e9m ficou com uma medida privativa da liberdade, mas ser\u00e1 posto em pris\u00e3o domicili\u00e1ria com vigil\u00e2ncia eletr\u00f3nica, mal haja condi\u00e7\u00f5es na sua resid\u00eancia, situada no Porto. Os outros tr\u00eas detidos da Opera\u00e7\u00e3o Cash-a-lot da Pol\u00edcia Judici\u00e1ria (PJ) do Porto foram libertados com apresenta\u00e7\u00f5es peri\u00f3dicas \u00e0s autoridades.<\/p>\n<p>Recorde-se que a rede \u00e9 suspeita de ter branqueado cerca de 200 milh\u00f5es de euros provenientes da evas\u00e3o fiscal, com epicentro na zona da Varziela, em Vila do Conde, conhecida como a &#8220;Chinatown&#8221; do Norte.<\/p>\n<p>O esquema era liderado pelo empres\u00e1rio chin\u00eas que, atrav\u00e9s de testas de ferro remunerados, \u00e9 suspeito de ter criado meia centena de empresas para poder controlar mais de 400 contas banc\u00e1rias. O cabecilha e outros quatro suspeitos foram detidos pela PJ do Porto, que apreendeu 300 mil euros, nove carros de luxo e seis im\u00f3veis, aquando da realiza\u00e7\u00e3o de meia centena de buscas.<\/p>\n","protected":false},"excerpt":{"rendered":"O alegado bra\u00e7o direito do empres\u00e1rio tamb\u00e9m ficou com uma medida privativa da liberdade, mas ser\u00e1 posto em&hellip;\n","protected":false},"author":2,"featured_media":183988,"comment_status":"","ping_status":"","sticky":false,"template":"","format":"standard","meta":{"footnotes":""},"categories":[10],"tags":[33082,27,28,15,16,14,603,25,26,21,22,12,13,19,20,4107,32,23,24,33,17,18,29,30,31,37324],"class_list":{"0":"post-185827","1":"post","2":"type-post","3":"status-publish","4":"format-standard","5":"has-post-thumbnail","7":"category-portugal","8":"tag-branqueamento-de-capitais","9":"tag-breaking-news","10":"tag-breakingnews","11":"tag-featured-news","12":"tag-featurednews","13":"tag-headlines","14":"tag-justica","15":"tag-latest-news","16":"tag-latestnews","17":"tag-main-news","18":"tag-mainnews","19":"tag-news","20":"tag-noticias","21":"tag-noticias-principais","22":"tag-noticiasprincipais","23":"tag-pj","24":"tag-portugal","25":"tag-principais-noticias","26":"tag-principaisnoticias","27":"tag-pt","28":"tag-top-stories","29":"tag-topstories","30":"tag-ultimas","31":"tag-ultimas-noticias","32":"tag-ultimasnoticias","33":"tag-varziela"},"share_on_mastodon":{"url":"https:\/\/pubeurope.com\/@pt\/115708306554933656","error":""},"_links":{"self":[{"href":"https:\/\/www.europesays.com\/pt\/wp-json\/wp\/v2\/posts\/185827","targetHints":{"allow":["GET"]}}],"collection":[{"href":"https:\/\/www.europesays.com\/pt\/wp-json\/wp\/v2\/posts"}],"about":[{"href":"https:\/\/www.europesays.com\/pt\/wp-json\/wp\/v2\/types\/post"}],"author":[{"embeddable":true,"href":"https:\/\/www.europesays.com\/pt\/wp-json\/wp\/v2\/users\/2"}],"replies":[{"embeddable":true,"href":"https:\/\/www.europesays.com\/pt\/wp-json\/wp\/v2\/comments?post=185827"}],"version-history":[{"count":0,"href":"https:\/\/www.europesays.com\/pt\/wp-json\/wp\/v2\/posts\/185827\/revisions"}],"wp:featuredmedia":[{"embeddable":true,"href":"https:\/\/www.europesays.com\/pt\/wp-json\/wp\/v2\/media\/183988"}],"wp:attachment":[{"href":"https:\/\/www.europesays.com\/pt\/wp-json\/wp\/v2\/media?parent=185827"}],"wp:term":[{"taxonomy":"category","embeddable":true,"href":"https:\/\/www.europesays.com\/pt\/wp-json\/wp\/v2\/categories?post=185827"},{"taxonomy":"post_tag","embeddable":true,"href":"https:\/\/www.europesays.com\/pt\/wp-json\/wp\/v2\/tags?post=185827"}],"curies":[{"name":"wp","href":"https:\/\/api.w.org\/{rel}","templated":true}]}}