{"id":185830,"date":"2025-12-12T19:48:20","date_gmt":"2025-12-12T19:48:20","guid":{"rendered":"https:\/\/www.europesays.com\/pt\/185830\/"},"modified":"2025-12-12T19:48:20","modified_gmt":"2025-12-12T19:48:20","slug":"bruno-savate-critica-duramente-estes-concorrentes-do-secret-story-9-secret-story","status":"publish","type":"post","link":"https:\/\/www.europesays.com\/pt\/185830\/","title":{"rendered":"Bruno Savate critica duramente estes concorrentes do Secret Story 9 &#8211; Secret Story"},"content":{"rendered":"<p>Esta semana, atrav\u00e9s de um\u00a0storie\u00a0do Instagram, o vencedor do Big Brother \u2013 Desafio Final arrasou F\u00e1bio, Liliana e In\u00eas.\u00a0\u00abUmas verdadeiras hienas ao cheiro do drama!\u00bb, frisa.\u00a0\u00a0<\/p>\n<p paraeid=\"{1473a2eb-5f95-4d2f-80f9-9d86494d0732}{34}\" paraid=\"51734999\" xml:lang=\"EN-US\">Para\u00a0Savate, os concorrentes est\u00e3o a aproveitar que o segredo de Pedro j\u00e1 foi revelado para o tentarem fragilizar ainda mais.\u00a0\u00abJ\u00e1 est\u00e3o a aproveitar o facto de o Pedro ser marido da Marisa para lhe ca\u00edrem em cima por atitudes dignas de 1970\u2026\u00a0\u00bb, acrescenta.\u00a0<\/p>\n<p paraeid=\"{058cfd7e-400d-4182-b84b-90e2e8352b4a}{186}\" paraid=\"1604054668\" xml:lang=\"EN-US\">Pedro fazia parte de um grupo rival de F\u00e1bio, Liliana e In\u00eas, no in\u00edcio da edi\u00e7\u00e3o, e\u00a0a rela\u00e7\u00e3o entre uns e outros nunca foi um mar de rosas. Com a final do programa \u00e0 vista, as emo\u00e7\u00f5es est\u00e3o \u00e0 flor da pele e a\u00a0luta pelo pr\u00e9mio tamb\u00e9m.\u00a0\u00a0<\/p>\n<p paraeid=\"{34f9851f-334d-4b41-9328-02fef0c2a743}{82}\" paraid=\"1126186431\" xml:lang=\"EN-US\">Bruno\u00a0Savate,\u00a0para al\u00e9m de ser um \u00f3timo concorrente de reality shows,\u00a0\u00e9 tamb\u00e9m um grande f\u00e3 do formato.\u00a0<a href=\"https:\/\/tvi.iol.pt\/secretstory\/marisa\/pedro\/marisa-recebe-critica-implacavel-do-rei-dos-reality-shows-sempre-a-queimar-a-imagem-do-rapaz\" wbo-id=\"59\" rel=\"nofollow noopener\" target=\"_blank\">O \u00edcone dos reality shows tem usado as redes\u00a0sociais como palco das opini\u00f5es relativamente a esta edi\u00e7\u00e3o.<\/a><\/p>\n<p paraeid=\"{34f9851f-334d-4b41-9328-02fef0c2a743}{82}\" paraid=\"1126186431\" xml:lang=\"EN-US\"><img loading=\"lazy\" decoding=\"async\" alt=\"\" height=\"586\" src=\"https:\/\/www.europesays.com\/pt\/wp-content\/uploads\/2025\/12\/693c3d64d34e3caad84c5131.webp\" width=\"352\"\/><\/p>\n","protected":false},"excerpt":{"rendered":"Esta semana, atrav\u00e9s de um\u00a0storie\u00a0do Instagram, o vencedor do Big Brother \u2013 Desafio Final arrasou F\u00e1bio, Liliana e&hellip;\n","protected":false},"author":2,"featured_media":185831,"comment_status":"","ping_status":"","sticky":false,"template":"","format":"standard","meta":{"footnotes":""},"categories":[142],"tags":[18706,1253,114,115,18705,19082,15353,19016,14646,32,33,151,18704],"class_list":{"0":"post-185830","1":"post","2":"type-post","3":"status-publish","4":"format-standard","5":"has-post-thumbnail","7":"category-tv","8":"tag-bastidores-secret-story","9":"tag-bruno-savate","10":"tag-entertainment","11":"tag-entretenimento","12":"tag-entrevistas-concorrentes-tvi","13":"tag-fabio","14":"tag-ines","15":"tag-liliana","16":"tag-pedro","17":"tag-portugal","18":"tag-pt","19":"tag-tv","20":"tag-vida-fora-da-casa"},"share_on_mastodon":{"url":"https:\/\/pubeurope.com\/@pt\/115708330655638827","error":""},"_links":{"self":[{"href":"https:\/\/www.europesays.com\/pt\/wp-json\/wp\/v2\/posts\/185830","targetHints":{"allow":["GET"]}}],"collection":[{"href":"https:\/\/www.europesays.com\/pt\/wp-json\/wp\/v2\/posts"}],"about":[{"href":"https:\/\/www.europesays.com\/pt\/wp-json\/wp\/v2\/types\/post"}],"author":[{"embeddable":true,"href":"https:\/\/www.europesays.com\/pt\/wp-json\/wp\/v2\/users\/2"}],"replies":[{"embeddable":true,"href":"https:\/\/www.europesays.com\/pt\/wp-json\/wp\/v2\/comments?post=185830"}],"version-history":[{"count":0,"href":"https:\/\/www.europesays.com\/pt\/wp-json\/wp\/v2\/posts\/185830\/revisions"}],"wp:featuredmedia":[{"embeddable":true,"href":"https:\/\/www.europesays.com\/pt\/wp-json\/wp\/v2\/media\/185831"}],"wp:attachment":[{"href":"https:\/\/www.europesays.com\/pt\/wp-json\/wp\/v2\/media?parent=185830"}],"wp:term":[{"taxonomy":"category","embeddable":true,"href":"https:\/\/www.europesays.com\/pt\/wp-json\/wp\/v2\/categories?post=185830"},{"taxonomy":"post_tag","embeddable":true,"href":"https:\/\/www.europesays.com\/pt\/wp-json\/wp\/v2\/tags?post=185830"}],"curies":[{"name":"wp","href":"https:\/\/api.w.org\/{rel}","templated":true}]}}