{"id":185836,"date":"2025-12-12T19:52:13","date_gmt":"2025-12-12T19:52:13","guid":{"rendered":"https:\/\/www.europesays.com\/pt\/185836\/"},"modified":"2025-12-12T19:52:13","modified_gmt":"2025-12-12T19:52:13","slug":"vacina-contra-bronquiolite-ja-esta-disponivel-para-gestantes-pelo-sus","status":"publish","type":"post","link":"https:\/\/www.europesays.com\/pt\/185836\/","title":{"rendered":"Vacina contra bronquiolite j\u00e1 est\u00e1 dispon\u00edvel para gestantes pelo SUS"},"content":{"rendered":"<p>O Minist\u00e9rio da Sa\u00fade anunciou que mulheres gr\u00e1vidas j\u00e1 podem receber, a partir deste m\u00eas, a vacina contra o v\u00edrus sincicial respirat\u00f3rio (VSR), principal causador de bronquiolite em beb\u00eas. <\/p>\n<p>O imunizante ser\u00e1 oferecido pelo Sistema \u00danico de Sa\u00fade (SUS) a gestantes a partir da 28\u00aa semana da gesta\u00e7\u00e3o. <\/p>\n<p>O primeiro lote, com 673 mil doses da vacina, j\u00e1 foi distribu\u00eddo aos estados. <\/p>\n<p>A orienta\u00e7\u00e3o do minist\u00e9rio \u00e9 que, com a chegada das doses \u00e0s Unidades B\u00e1sicas de Sa\u00fade (UBS), as equipes verifiquem e atualizem a situa\u00e7\u00e3o vacinal das gestantes, incluindo ainda a imuniza\u00e7\u00e3o contra a Covid-19 e a influenza, j\u00e1 que a vacina contra o VSR pode ser administrada junto a outras doses. <\/p>\n<p>Na rede particular, o imunizante pode sair por at\u00e9 R$ 1,5 mil.  <\/p>\n<p><strong>Como funciona a vacina?<\/strong> <\/p>\n<p>A bronquiolite \u00e9 causada principalmente por infec\u00e7\u00f5es virais, sendo o VSR o agente infeccioso mais comum. <\/p>\n<p>Acomete principalmente crian\u00e7as menores de 2 anos, causando dificuldade para respirar, febre e tosse.  <\/p>\n<p>A vacina para as gestantes oferece prote\u00e7\u00e3o imediata aos rec\u00e9m-nascidos, reduzindo a necessidade de hospitaliza\u00e7\u00f5es quando os beb\u00eas s\u00e3o infectados pelo v\u00edrus sincicial.  <\/p>\n<p>De acordo com estudos, a vacina\u00e7\u00e3o materna demonstrou uma efic\u00e1cia de 81,8% na preven\u00e7\u00e3o de doen\u00e7as respirat\u00f3rias graves causadas pelo VSR nos beb\u00eas durante os primeiros 90 dias ap\u00f3s o nascimento. <\/p>\n<p><strong>Quem pode se vacinar?<\/strong> <\/p>\n<p>Todas as gestantes, a partir da 28\u00aa semana de gravidez, sem restri\u00e7\u00e3o de idade para a m\u00e3e. <\/p>\n<p>A recomenda\u00e7\u00e3o \u00e9 tomar dose \u00fanica a cada nova gesta\u00e7\u00e3o. <\/p>\n<p><img decoding=\"async\" alt=\"Minist\u00e9rio da Sa\u00fade comprou 1,8 milh\u00e3o de doses da vacina, que j\u00e1 come\u00e7aram a ser distribu\u00eddas para os estados\" class=\"img-fluid\" src=\"https:\/\/www.europesays.com\/pt\/wp-content\/uploads\/2025\/12\/vacina ok.jpg\"\/>Minist\u00e9rio da Sa\u00fade comprou 1,8 milh\u00e3o de doses da vacina, que j\u00e1 come\u00e7aram a ser distribu\u00eddas para os estados | Foto: Divulga\u00e7\u00e3o\/Matheus Oliveira (Ag\u00eancia Sa\u00fade DF)<\/p>\n<p><strong>O que \u00e9 a bronquiolite<\/strong><\/p>\n<p>A bronquiolite \u00e9 uma infec\u00e7\u00e3o viral muito comum em beb\u00eas e crian\u00e7as menores de dois anos. <\/p>\n<p>Os casos da doen\u00e7a podem se iniciar com sintomas leves, mas o quadro pode piorar rapidamente.<\/p>\n<p>O v\u00edrus sincicial respirat\u00f3rio \u00e9 respons\u00e1vel por 75% dos registros de bronquiolite em rec\u00e9m-nascidos. <\/p>\n<p>A forma mais eficaz de proteger as crian\u00e7as da doen\u00e7a \u00e9 a vacina\u00e7\u00e3o.<\/p>\n<p><strong>Vacina\u00e7\u00e3o na Regi\u00e3o Serrana do Rio<\/strong><\/p>\n<p>Na Regi\u00e3o Serrana do Rio de Janeiro, a vacina contra a bronquiolite para gr\u00e1vidas j\u00e1 pode ser tomada em Nova Friburgo e Teres\u00f3polis.<\/p>\n<p>Confira os locais e hor\u00e1rios em cada cidade:<\/p>\n<p><strong>Nova Friburgo<\/strong><\/p>\n<p>De segunda a sexta-feira<\/p>\n<ul>\n<li>8h \u00e0s 13h \u2013 Olaria, Conselheiro Paulino, Cordoeira e S\u00e3o Geraldo<\/li>\n<li>8h \u00e0s 16h30 \u2013 Ecocard (Suspiro)<\/li>\n<\/ul>\n<p>Os documentos necess\u00e1rios s\u00e3o: CPF e cart\u00e3o de acompanhamento do pr\u00e9-natal.<\/p>\n<p>As vacinas estar\u00e3o dispon\u00edveis enquanto durarem os estoques, segundo a Secretaria Municipal de Sa\u00fade.<\/p>\n<p><strong>Teres\u00f3polis<\/strong><\/p>\n<p>De segunda a sexta-feira<\/p>\n<ul>\n<li>8h \u00e0s 17h \u2013 Todas as Unidades de Sa\u00fade<\/li>\n<li>8h \u00e0s 19h \u2013 Estrat\u00e9gias de Sa\u00fade da Fam\u00edlia (ESF) de Fonte Santa, Meudon e Ros\u00e1rio<\/li>\n<\/ul>\n<p>S\u00e1bado<\/p>\n<ul>\n<li>8h \u00e0s 13h \u2013 Estrat\u00e9gias de Sa\u00fade da Fam\u00edlia (ESF) de Fonte Santa, Meudon e Ros\u00e1rio<\/li>\n<li>10h \u00e0s 21h \u2013 Teres\u00f3polis Shopping (3\u00ba piso)<\/li>\n<\/ul>\n<p>Domingo e feriados<\/p>\n<ul>\n<li>13h \u00e0s 19h \u2013 Teres\u00f3polis Shopping (3\u00ba piso)<\/li>\n<\/ul>\n<p>Receba as not\u00edcias das regi\u00f5es Serrana e dos Lagos no Rio direto no WhatsApp. <strong><a target=\"_self\" href=\"https:\/\/www.whatsapp.com\/channel\/0029Va7Tl7nKLaHhT9bgqH0v\" rel=\"noreferrer nofollow noopener\">Clique aqui<\/a><\/strong> e inscreva-se no nosso canal!<\/p>\n","protected":false},"excerpt":{"rendered":"O Minist\u00e9rio da Sa\u00fade anunciou que mulheres gr\u00e1vidas j\u00e1 podem receber, a partir deste m\u00eas, a vacina contra&hellip;\n","protected":false},"author":2,"featured_media":185837,"comment_status":"","ping_status":"","sticky":false,"template":"","format":"standard","meta":{"footnotes":""},"categories":[86],"tags":[116,1856,21300,13,21299,32,33,117],"class_list":{"0":"post-185836","1":"post","2":"type-post","3":"status-publish","4":"format-standard","5":"has-post-thumbnail","7":"category-saude","8":"tag-health","9":"tag-informacao","10":"tag-multiplix","11":"tag-noticias","12":"tag-nova-friburgo","13":"tag-portugal","14":"tag-pt","15":"tag-saude"},"share_on_mastodon":{"url":"https:\/\/pubeurope.com\/@pt\/115708346131439876","error":""},"_links":{"self":[{"href":"https:\/\/www.europesays.com\/pt\/wp-json\/wp\/v2\/posts\/185836","targetHints":{"allow":["GET"]}}],"collection":[{"href":"https:\/\/www.europesays.com\/pt\/wp-json\/wp\/v2\/posts"}],"about":[{"href":"https:\/\/www.europesays.com\/pt\/wp-json\/wp\/v2\/types\/post"}],"author":[{"embeddable":true,"href":"https:\/\/www.europesays.com\/pt\/wp-json\/wp\/v2\/users\/2"}],"replies":[{"embeddable":true,"href":"https:\/\/www.europesays.com\/pt\/wp-json\/wp\/v2\/comments?post=185836"}],"version-history":[{"count":0,"href":"https:\/\/www.europesays.com\/pt\/wp-json\/wp\/v2\/posts\/185836\/revisions"}],"wp:featuredmedia":[{"embeddable":true,"href":"https:\/\/www.europesays.com\/pt\/wp-json\/wp\/v2\/media\/185837"}],"wp:attachment":[{"href":"https:\/\/www.europesays.com\/pt\/wp-json\/wp\/v2\/media?parent=185836"}],"wp:term":[{"taxonomy":"category","embeddable":true,"href":"https:\/\/www.europesays.com\/pt\/wp-json\/wp\/v2\/categories?post=185836"},{"taxonomy":"post_tag","embeddable":true,"href":"https:\/\/www.europesays.com\/pt\/wp-json\/wp\/v2\/tags?post=185836"}],"curies":[{"name":"wp","href":"https:\/\/api.w.org\/{rel}","templated":true}]}}