{"id":185842,"date":"2025-12-12T19:57:15","date_gmt":"2025-12-12T19:57:15","guid":{"rendered":"https:\/\/www.europesays.com\/pt\/185842\/"},"modified":"2025-12-12T19:57:15","modified_gmt":"2025-12-12T19:57:15","slug":"procurado-por-roubo-e-sequestro-no-brasil-estava-escondido-em-gondomar","status":"publish","type":"post","link":"https:\/\/www.europesays.com\/pt\/185842\/","title":{"rendered":"Procurado por roubo e sequestro no Brasil estava escondido em Gondomar"},"content":{"rendered":"<p data-remotead-prev-elm=\"true\" data-remotead-elm-id=\"inread\">Em comunicado, divulgado esta sexta-feira, a PJ revelou que os factos ocorreram em mar\u00e7o de 2017, numa cidade do Estado de Santa Catarina, no Brasil, tendo o detido, juntamente com outros dois c\u00famplices, entrado no interior de uma resid\u00eancia, recorrendo a arrombamento e manietando as v\u00edtimas que ali se encontravam.<\/p>\n<p>Estas, sob a amea\u00e7a de uma arma de fogo, foram obrigadas a entrar na casa de banho, onde ficaram trancadas.<\/p>\n<p>Os assaltantes roubaram diversos objetos, colocaram-nos no interior do carro de uma das v\u00edtimas que utilizaram para fugir do local.<\/p>\n<p data-remotead-prev-elm=\"true\" data-remotead-elm-id=\"centro1\">O homem, que havia sido condenado a uma pena de seis anos e cinco meses de pris\u00e3o, encontra-se em situa\u00e7\u00e3o regular em territ\u00f3rio nacional.<\/p>\n<p>Foi presente ao Tribunal da Rela\u00e7\u00e3o do Porto, que determinou que aguardasse os ulteriores do processo de extradi\u00e7\u00e3o em pris\u00e3o preventiva.<\/p>\n","protected":false},"excerpt":{"rendered":"Em comunicado, divulgado esta sexta-feira, a PJ revelou que os factos ocorreram em mar\u00e7o de 2017, numa cidade&hellip;\n","protected":false},"author":2,"featured_media":185843,"comment_status":"","ping_status":"","sticky":false,"template":"","format":"standard","meta":{"footnotes":""},"categories":[10],"tags":[726,27,28,15,16,5594,14,603,25,26,21,22,12,13,19,20,4107,32,23,24,33,3801,17,18,29,30,31],"class_list":{"0":"post-185842","1":"post","2":"type-post","3":"status-publish","4":"format-standard","5":"has-post-thumbnail","7":"category-portugal","8":"tag-brasil","9":"tag-breaking-news","10":"tag-breakingnews","11":"tag-featured-news","12":"tag-featurednews","13":"tag-gondomar","14":"tag-headlines","15":"tag-justica","16":"tag-latest-news","17":"tag-latestnews","18":"tag-main-news","19":"tag-mainnews","20":"tag-news","21":"tag-noticias","22":"tag-noticias-principais","23":"tag-noticiasprincipais","24":"tag-pj","25":"tag-portugal","26":"tag-principais-noticias","27":"tag-principaisnoticias","28":"tag-pt","29":"tag-santa-catarina","30":"tag-top-stories","31":"tag-topstories","32":"tag-ultimas","33":"tag-ultimas-noticias","34":"tag-ultimasnoticias"},"share_on_mastodon":{"url":"https:\/\/pubeurope.com\/@pt\/115708365566833575","error":""},"_links":{"self":[{"href":"https:\/\/www.europesays.com\/pt\/wp-json\/wp\/v2\/posts\/185842","targetHints":{"allow":["GET"]}}],"collection":[{"href":"https:\/\/www.europesays.com\/pt\/wp-json\/wp\/v2\/posts"}],"about":[{"href":"https:\/\/www.europesays.com\/pt\/wp-json\/wp\/v2\/types\/post"}],"author":[{"embeddable":true,"href":"https:\/\/www.europesays.com\/pt\/wp-json\/wp\/v2\/users\/2"}],"replies":[{"embeddable":true,"href":"https:\/\/www.europesays.com\/pt\/wp-json\/wp\/v2\/comments?post=185842"}],"version-history":[{"count":0,"href":"https:\/\/www.europesays.com\/pt\/wp-json\/wp\/v2\/posts\/185842\/revisions"}],"wp:featuredmedia":[{"embeddable":true,"href":"https:\/\/www.europesays.com\/pt\/wp-json\/wp\/v2\/media\/185843"}],"wp:attachment":[{"href":"https:\/\/www.europesays.com\/pt\/wp-json\/wp\/v2\/media?parent=185842"}],"wp:term":[{"taxonomy":"category","embeddable":true,"href":"https:\/\/www.europesays.com\/pt\/wp-json\/wp\/v2\/categories?post=185842"},{"taxonomy":"post_tag","embeddable":true,"href":"https:\/\/www.europesays.com\/pt\/wp-json\/wp\/v2\/tags?post=185842"}],"curies":[{"name":"wp","href":"https:\/\/api.w.org\/{rel}","templated":true}]}}