{"id":185854,"date":"2025-12-12T20:06:20","date_gmt":"2025-12-12T20:06:20","guid":{"rendered":"https:\/\/www.europesays.com\/pt\/185854\/"},"modified":"2025-12-12T20:06:20","modified_gmt":"2025-12-12T20:06:20","slug":"sindrome-do-x-fragil-conheca-as-causas-e-os-sintomas","status":"publish","type":"post","link":"https:\/\/www.europesays.com\/pt\/185854\/","title":{"rendered":"S\u00edndrome do X Fr\u00e1gil: conhe\u00e7a as causas e os sintomas"},"content":{"rendered":"<p><img fetchpriority=\"high\" decoding=\"async\" class=\"w-fit lg:w-full\" loading=\"eager\" src=\"https:\/\/www.europesays.com\/pt\/wp-content\/uploads\/2025\/12\/5563764_ab8e8b2e592b3e0.jpg\" title=\"bangoland \/ Shutterstock | Portal EdiCase\" alt=\"bangoland \/ Shutterstock | Portal EdiCase\" width=\"700\" height=\"477\"\/>A S\u00edndrome do X Fr\u00e1gil decorre de altera\u00e7\u00f5es no gene FMR1, localizado no cromossomo X bangoland \/ Shutterstock | Portal EdiCase<\/p>\n<p>A S\u00edndrome do X Fr\u00e1gil \u00e9 uma condi\u00e7\u00e3o gen\u00e9tica que causa altera\u00e7\u00f5es no neurodesenvolvimento. A muta\u00e7\u00e3o ocorre no gene FMR1, localizado no cromossomo X, reduzindo ou impedindo a produ\u00e7\u00e3o da prote\u00edna FMRP, essencial para o funcionamento adequado do sistema nervoso. Isso resulta em atrasos no <strong>desenvolvimento<\/strong>, dificuldades cognitivas e comportamentais e algumas caracter\u00edsticas f\u00edsicas t\u00edpicas, como face alongada e orelhas proeminentes.\u00a0<\/p>\n<p>Estima-se que ela acometa um em cada 4 mil meninos e uma em cada 6 mil meninas no mundo. No entanto, a falta de conhecimento sobre a s\u00edndrome dificulta a identifica\u00e7\u00e3o precoce. Inclusive, costuma-se confundi-la com o Transtorno do Espectro Autista (TEA).<\/p>\n<p>Abaixo, os geneticistas Dr. Gustavo Guida e Dr. Marcial Francis, da Dasa Gen\u00f4mica, explicam sobre a S\u00edndrome do X Fr\u00e1gil. Confira!\u00a0<\/p>\n<p>S\u00edndrome do X Fr\u00e1gil \u00e9 heredit\u00e1ria<\/p>\n<p>A s\u00edndrome decorre de altera\u00e7\u00f5es no gene FMR1, localizado no cromossomo X, o que explica sua transmiss\u00e3o heredit\u00e1ria e a manifesta\u00e7\u00e3o geralmente mais intensa em <strong>meninos<\/strong>. Trata-se de uma das causas gen\u00e9ticas mais frequentes de defici\u00eancia intelectual e de uma altera\u00e7\u00e3o frequentemente associada ao TEA.\u00a0<\/p>\n<p>\u201cEssa s\u00edndrome \u00e9 frequentemente associada ao autismo, e muitas vezes a causa do autismo n\u00e3o \u00e9 investigada, prejudicando o aconselhamento gen\u00e9tico da fam\u00edlia\u201d, ressalta o geneticista Dr. Gustavo Guida, do laborat\u00f3rio S\u00e9rgio Franco, marca da Dasa no Rio de Janeiro.\u00a0<\/p>\n<p>Como dito, a condi\u00e7\u00e3o \u00e9 provocada por uma expans\u00e3o anormal de repeti\u00e7\u00f5es da sequ\u00eancia CGG no gene FMR1. Quanto maior for o n\u00famero dessa repeti\u00e7\u00e3o, maior a probabilidade de o gene ser silenciado \u2014 o que impede a produ\u00e7\u00e3o da prote\u00edna FMRP, fundamental para o desenvolvimento neurol\u00f3gico.\u00a0<\/p>\n<p>Quando investigar a S\u00edndrome do X Fr\u00e1gil<\/p>\n<p>A investiga\u00e7\u00e3o deve ser considerada em:\u00a0<\/p>\n<ul>\n<li class=\"unordered-list-item\"><strong>Crian\u00e7as<\/strong> com atraso no desenvolvimento neuropsicomotor;\u00a0<\/li>\n<li class=\"unordered-list-item\">Crian\u00e7as com diagn\u00f3stico de autismo sem causa definida;\u00a0<\/li>\n<li class=\"unordered-list-item\">Fam\u00edlias com hist\u00f3rico de defici\u00eancia intelectual ou autismo recorrente;<\/li>\n<li class=\"unordered-list-item\">Mulheres com insufici\u00eancia ovariana precoce (antes dos 40 anos).\u00a0<\/li>\n<\/ul>\n<p>O diagn\u00f3stico tardio ainda \u00e9 frequente, especialmente devido \u00e0 baixa investiga\u00e7\u00e3o gen\u00e9tica em crian\u00e7as com atrasos significativos.<\/p>\n<p>Conforme o Dr. Marcial Francis, geneticista da Dasa Gen\u00f4mica, o diagn\u00f3stico tardio ainda ocorre com frequ\u00eancia devido \u00e0 falta de informa\u00e7\u00e3o sobre a condi\u00e7\u00e3o. \u201c\u00c9 indispens\u00e1vel que os profissionais de sa\u00fade e os familiares considerem a investiga\u00e7\u00e3o gen\u00e9tica como parte da avalia\u00e7\u00e3o de crian\u00e7as com atrasos significativos e hist\u00f3rico familiar sugestivo\u201d, destaca.\u00a0<\/p>\n<p><img decoding=\"async\" class=\"w-fit lg:w-full\" loading=\"eager\" src=\"https:\/\/www.europesays.com\/pt\/wp-content\/uploads\/2025\/12\/5563765_dde32b77b40301d.jpg\" title=\"Dragana Gordic \/ Shutterstock | Portal EdiCase\" alt=\"Dragana Gordic \/ Shutterstock | Portal EdiCase\" width=\"700\" height=\"477\"\/>A avalia\u00e7\u00e3o cl\u00ednica e o acompanhamento especializado ajudam a identificar sinais que podem indicar a S\u00edndrome do X Fr\u00e1gil Dragana Gordic \/ Shutterstock | Portal EdiCase<\/p>\n<p>Sinais da S\u00edndrome do X Fr\u00e1gil<\/p>\n<p>A s\u00edndrome apresenta grande variabilidade cl\u00ednica. Entre os sinais mais comuns, est\u00e3o:\u00a0<\/p>\n<ul>\n<li class=\"unordered-list-item\">Atraso na <strong>fala<\/strong> e na coordena\u00e7\u00e3o motora;\u00a0<\/li>\n<li class=\"unordered-list-item\">Defici\u00eancia intelectual leve a grave;\u00a0<\/li>\n<li class=\"unordered-list-item\">Comportamentos semelhantes aos observados no TEA;\u00a0<\/li>\n<li class=\"unordered-list-item\">Ansiedade;<\/li>\n<li class=\"unordered-list-item\">Hiperatividade;\u00a0<\/li>\n<li class=\"unordered-list-item\">Sensibilidade sensorial;<\/li>\n<li class=\"unordered-list-item\">Dificuldade de aten\u00e7\u00e3o.\u00a0<\/li>\n<\/ul>\n<p>Caracter\u00edsticas f\u00edsicas, como face alongada e orelhas grandes, tamb\u00e9m podem estar presentes, mas n\u00e3o s\u00e3o determinantes isoladamente.\u00a0<\/p>\n<p>Outros sinais incluem fragilidade emocional, crises de ansiedade, dificuldade de aten\u00e7\u00e3o e problemas de coordena\u00e7\u00e3o motora. Devido \u00e0 diversidade de manifesta\u00e7\u00f5es e \u00e0 variabilidade entre os indiv\u00edduos, \u00e9 fundamental avaliar o conjunto de caracter\u00edsticas e realizar a investiga\u00e7\u00e3o gen\u00e9tica para confirmar o diagn\u00f3stico.\u00a0\u00a0<\/p>\n<p>\u201cO que faz da S\u00edndrome do X Fr\u00e1gil um desafio \u00e9 a ampla variedade de manifesta\u00e7\u00f5es cl\u00ednicas. Nenhum sinal isolado confirma o diagn\u00f3stico, mas a combina\u00e7\u00e3o de atrasos no desenvolvimento, caracter\u00edsticas f\u00edsicas espec\u00edficas, altera\u00e7\u00f5es comportamentais e defici\u00eancia intelectual s\u00e3o indicativos importantes que devem ser investigados\u201d, destaca o Dr. Gustavo Guida.\u00a0<\/p>\n<p>Diagn\u00f3stico da condi\u00e7\u00e3o<\/p>\n<p>O diagn\u00f3stico \u00e9 confirmado por exames gen\u00e9ticos, especialmente a pesquisa para o X-Fr\u00e1gil, por meio do PCR para FMR1, que identifica o n\u00famero de repeti\u00e7\u00f5es da sequ\u00eancia CGG.\u00a0<\/p>\n<p>O resultado do teste classifica como:\u00a0<\/p>\n<ul>\n<li class=\"unordered-list-item\"><strong>At\u00e9 55 repeti\u00e7\u00f5es:<\/strong> normal.\u00a0<\/li>\n<li class=\"unordered-list-item\">E<strong>ntre 55 e 200 repeti\u00e7\u00f5es: <\/strong>pr\u00e9-muta\u00e7\u00e3o (forma menos grave, mas que ainda podem necessitar acompanhamento).\u00a0<\/li>\n<li class=\"unordered-list-item\"><strong>Acima de 200 repeti\u00e7\u00f5es: <\/strong>muta\u00e7\u00e3o completa, caracterizando a s\u00edndrome.\u00a0<\/li>\n<\/ul>\n<p>\u201cAs tecnologias atuais como o PCR tornam o diagn\u00f3stico mais r\u00e1pido e eficiente, o que \u00e9 fundamental para o acompanhamento adequado do paciente e para o aconselhamento gen\u00e9tico das fam\u00edlias\u201d, explica o Dr. Marcial Francis.\u00a0<\/p>\n<p>O PCR \u00e9 um m\u00e9todo r\u00e1pido e preciso, essencial para confirmar o diagn\u00f3stico e orientar o aconselhamento gen\u00e9tico da fam\u00edlia.<\/p>\n<p>Tratamento para a S\u00edndrome do X Fr\u00e1gil<\/p>\n<p>Ainda n\u00e3o h\u00e1 cura para a s\u00edndrome, mas h\u00e1 diversas abordagens que ajudam no manejo dos sintomas e na promo\u00e7\u00e3o de autonomia e qualidade de vida. Entre elas, est\u00e3o:\u00a0<\/p>\n<ul>\n<li class=\"unordered-list-item\">Terapias <strong>comportamentais<\/strong> e ocupacionais;<\/li>\n<li class=\"unordered-list-item\">Acompanhamento fonoaudiol\u00f3gico;<\/li>\n<li class=\"unordered-list-item\">Suporte educacional personalizado;<\/li>\n<li class=\"unordered-list-item\">Medica\u00e7\u00f5es, quando necess\u00e1rio, para convuls\u00f5es, ansiedade, hiperatividade ou outras altera\u00e7\u00f5es associadas.<\/li>\n<\/ul>\n<p>O aconselhamento gen\u00e9tico \u00e9 uma etapa fundamental, especialmente para fam\u00edlias com hist\u00f3rico da condi\u00e7\u00e3o.\u00a0\u201cEsse tipo de avan\u00e7o, aliado \u00e0 r\u00e1pida evolu\u00e7\u00e3o dos testes gen\u00e9ticos, pode transformar o cen\u00e1rio atual. Hoje, conseguimos diagnosticar precocemente e oferecer suporte direcionado, e isso j\u00e1 \u00e9 um passo gigante para as fam\u00edlias que enfrentam a condi\u00e7\u00e3o\u201d, finaliza o Dr. Gustavo Guida.\u00a0<\/p>\n","protected":false},"excerpt":{"rendered":"A S\u00edndrome do X Fr\u00e1gil decorre de altera\u00e7\u00f5es no gene FMR1, localizado no cromossomo X bangoland \/ Shutterstock&hellip;\n","protected":false},"author":2,"featured_media":185855,"comment_status":"","ping_status":"","sticky":false,"template":"","format":"standard","meta":{"footnotes":""},"categories":[86],"tags":[4227,116,32,33,117],"class_list":{"0":"post-185854","1":"post","2":"type-post","3":"status-publish","4":"format-standard","5":"has-post-thumbnail","7":"category-saude","8":"tag-edi-case","9":"tag-health","10":"tag-portugal","11":"tag-pt","12":"tag-saude"},"share_on_mastodon":{"url":"https:\/\/pubeurope.com\/@pt\/115708401146314756","error":""},"_links":{"self":[{"href":"https:\/\/www.europesays.com\/pt\/wp-json\/wp\/v2\/posts\/185854","targetHints":{"allow":["GET"]}}],"collection":[{"href":"https:\/\/www.europesays.com\/pt\/wp-json\/wp\/v2\/posts"}],"about":[{"href":"https:\/\/www.europesays.com\/pt\/wp-json\/wp\/v2\/types\/post"}],"author":[{"embeddable":true,"href":"https:\/\/www.europesays.com\/pt\/wp-json\/wp\/v2\/users\/2"}],"replies":[{"embeddable":true,"href":"https:\/\/www.europesays.com\/pt\/wp-json\/wp\/v2\/comments?post=185854"}],"version-history":[{"count":0,"href":"https:\/\/www.europesays.com\/pt\/wp-json\/wp\/v2\/posts\/185854\/revisions"}],"wp:featuredmedia":[{"embeddable":true,"href":"https:\/\/www.europesays.com\/pt\/wp-json\/wp\/v2\/media\/185855"}],"wp:attachment":[{"href":"https:\/\/www.europesays.com\/pt\/wp-json\/wp\/v2\/media?parent=185854"}],"wp:term":[{"taxonomy":"category","embeddable":true,"href":"https:\/\/www.europesays.com\/pt\/wp-json\/wp\/v2\/categories?post=185854"},{"taxonomy":"post_tag","embeddable":true,"href":"https:\/\/www.europesays.com\/pt\/wp-json\/wp\/v2\/tags?post=185854"}],"curies":[{"name":"wp","href":"https:\/\/api.w.org\/{rel}","templated":true}]}}