{"id":185857,"date":"2025-12-12T20:10:36","date_gmt":"2025-12-12T20:10:36","guid":{"rendered":"https:\/\/www.europesays.com\/pt\/185857\/"},"modified":"2025-12-12T20:10:36","modified_gmt":"2025-12-12T20:10:36","slug":"espanha-oferece-ate-e-27-000-para-casal-morar-em-vila-com-chance-de-cidadania-rapida","status":"publish","type":"post","link":"https:\/\/www.europesays.com\/pt\/185857\/","title":{"rendered":"Espanha oferece at\u00e9 \u20ac 27.000 para casal morar em vila; com chance de cidadania r\u00e1pida"},"content":{"rendered":"<p>A Espanha criou <a href=\"https:\/\/www.juntaex.es\/w\/presentacion-del-proyecto-turismo-y-nomadas-digitales?inheritRedirect=true\" target=\"_blank\" rel=\"noreferrer noopener nofollow\">um programa que oferece at\u00e9 \u20ac 15.000<\/a> para atrair novos moradores. O plano inclui ainda a possibilidade de conseguir a cidadania espanhola em apenas dois anos.<\/p>\n<p>A proposta est\u00e1 em vigor no Vale de Ambroz, envolvendo 24 distritos da comunidade da Extremadura. A meta \u00e9 repovoar vilas com menos de mil habitantes e estimular a economia local, <a href=\"https:\/\/italianismo.com.br\/quer-morar-no-norte-da-italia-trento-promete-ate-e-80-mil-de-incentivo\/\" target=\"_blank\" rel=\"noreferrer noopener nofollow\">como acontece em vilarejos italianos<\/a>. O foco s\u00e3o jovens mulheres com trabalho remoto e resid\u00eancia legal no pa\u00eds, ou com <a href=\"https:\/\/italianismo.com.br\/cidadania-europeia-para-brasileiros-cresce-800-em-15-anos\/\" target=\"_blank\" rel=\"noreferrer noopener nofollow\">cidadania europeia<\/a>.<\/p>\n<p>Como funciona o incentivo<\/p>\n<p>Quem se muda para uma vila da regi\u00e3o e cumpre os crit\u00e9rios pode receber \u20ac 10.000 logo na chegada. Ap\u00f3s dois anos de resid\u00eancia cont\u00ednua, o valor sobe com um acr\u00e9scimo de \u20ac 5.000. Para receber o incentivo completo, \u00e9 obrigat\u00f3rio registrar resid\u00eancia oficial na localidade escolhida.<\/p>\n<p>Para homens, os valores s\u00e3o menores: \u20ac 8.000 iniciais e mais \u20ac 4.000 ap\u00f3s dois anos de perman\u00eancia na vila.<\/p>\n<p>No caso de casais, os valores podem chegar a \u20ac 18.000 no in\u00edcio e subir para \u20ac 27.000 com o tempo m\u00ednimo exigido, o equivalente a cerca de R$ 170.000 na cota\u00e7\u00e3o atual.<\/p>\n<p>Objetivo \u00e9 reverter o esvaziamento das vilas<\/p>\n<p>Vilas como Ba\u00f1os de Montemayor vivem um processo de envelhecimento populacional. Muitas casas est\u00e3o vazias, h\u00e1 poucas crian\u00e7as nas escolas e o com\u00e9rcio local sofre com a falta de movimento.<\/p>\n<p>Ba\u00f1os de Montemayor est\u00e1 localizada a cerca de 270 quil\u00f4metros de Madrid e 250 quil\u00f4metros do Porto, em Portugal, facilitando o acesso a grandes centros urbanos, tanto na Espanha quanto no pa\u00eds vizinho.<\/p>\n<p>Ao atrair moradores jovens, a ideia \u00e9 reativar servi\u00e7os, manter escolas abertas e dar f\u00f4lego \u00e0 economia regional. Os novos moradores tamb\u00e9m t\u00eam acesso a im\u00f3veis com aluguel abaixo da m\u00e9dia nacional.<\/p>\n<p><img loading=\"lazy\" decoding=\"async\" width=\"1024\" height=\"592\" src=\"https:\/\/italianismo.com.br\/wp-content\/uploads\/2025\/12\/Ban\u0303os-de-Montemayor-1-1024x592.webp\" alt=\"Vista panor\u00e2mica de Ba\u00f1os de Montemayor.\" class=\"wp-image-39972\"  \/>Vista panor\u00e2mica de Ba\u00f1os de Montemayor.Aluguel barato e qualidade de vida<\/p>\n<p>Cidades como Herv\u00e1s, principal centro urbano do vale, oferecem aluguel entre \u20ac 300 e \u20ac 400 mensais, mesmo no ver\u00e3o. Para os padr\u00f5es locais, pagar \u20ac 350 \u00e9 considerado alto.<\/p>\n<p>Produtos em feiras, mercados e restaurantes t\u00eam pre\u00e7os mais acess\u00edveis do que nas grandes cidades da Espanha. Isso torna o custo de vida uma vantagem para quem trabalha online.<\/p>\n<p>Vida simples e cheia de curiosidades<\/p>\n<p>Entre os detalhes que chamam aten\u00e7\u00e3o nas vilas est\u00e3o:<\/p>\n<ul class=\"wp-block-list\">\n<li>Casas com placas de incentivo \u00e0 reforma.<\/li>\n<li>Garrafas de \u00e1gua deixadas nas portas.<\/li>\n<li>Vielas estreitas que funcionam como atalhos.<\/li>\n<li>Escolas grandes para poucos alunos.<\/li>\n<li>Com\u00e9rcio com produtos locais como queijos, vinhos e mel.<\/li>\n<\/ul>\n<p>A infraestrutura p\u00fablica inclui pra\u00e7as, quadras esportivas e centros culturais, ainda que as ruas sejam quase sempre silenciosas.<\/p>\n<p>Passaporte espanhol em dois anos<\/p>\n<p>A Espanha \u00e9 um dos poucos pa\u00edses europeus que permite solicitar a cidadania ap\u00f3s dois anos de resid\u00eancia legal, desde que cumpridos os requisitos de idioma, integra\u00e7\u00e3o e antecedentes criminais.<\/p>\n<p>Com a combina\u00e7\u00e3o de internet est\u00e1vel, aluguel baixo, incentivo financeiro e cidadania r\u00e1pida, a regi\u00e3o passou a atrair profissionais remotos que buscam qualidade de vida com baixo custo.<\/p>\n<p>Para quem deseja entender melhor o dia a dia nas vilas espanholas e os detalhes do programa de incentivo, h\u00e1 conte\u00fados em v\u00eddeo dispon\u00edveis em canais especializados sobre morar na Espanha. Separamos o v\u00eddeo do canal do <a href=\"https:\/\/www.youtube.com\/@FeLeal\" target=\"_blank\" rel=\"noreferrer noopener nofollow\">Fe Leal,<\/a> onde ele fala detalhadamente mais sobre esse assunto:<\/p>\n","protected":false},"excerpt":{"rendered":"A Espanha criou um programa que oferece at\u00e9 \u20ac 15.000 para atrair novos moradores. O plano inclui ainda&hellip;\n","protected":false},"author":2,"featured_media":185858,"comment_status":"","ping_status":"","sticky":false,"template":"","format":"standard","meta":{"footnotes":""},"categories":[50],"tags":[37759,37760,27,28,37761,640,37762,15,16,14,37763,37764,25,26,21,22,37765,62,12,13,19,20,37766,23,24,17,18,37767,29,30,31,37768,37769,37770,63,64,65],"class_list":{"0":"post-185857","1":"post","2":"type-post","3":"status-publish","4":"format-standard","5":"has-post-thumbnail","7":"category-mundo","8":"tag-aluguel-barato-espanha","9":"tag-banos-de-montemayor","10":"tag-breaking-news","11":"tag-breakingnews","12":"tag-cidadania-espanhola-rapida","13":"tag-espanha","14":"tag-extremadura","15":"tag-featured-news","16":"tag-featurednews","17":"tag-headlines","18":"tag-hervas","19":"tag-incentivo-financeiro-espanha","20":"tag-latest-news","21":"tag-latestnews","22":"tag-main-news","23":"tag-mainnews","24":"tag-morar-na-espanha","25":"tag-mundo","26":"tag-news","27":"tag-noticias","28":"tag-noticias-principais","29":"tag-noticiasprincipais","30":"tag-passaporte-europeu","31":"tag-principais-noticias","32":"tag-principaisnoticias","33":"tag-top-stories","34":"tag-topstories","35":"tag-trabalhar-remoto-europa","36":"tag-ultimas","37":"tag-ultimas-noticias","38":"tag-ultimasnoticias","39":"tag-vale-de-ambroz","40":"tag-vilas-espanholas","41":"tag-viver-na-europa","42":"tag-world","43":"tag-world-news","44":"tag-worldnews"},"share_on_mastodon":{"url":"","error":"Validation failed: Text character limit of 500 exceeded"},"_links":{"self":[{"href":"https:\/\/www.europesays.com\/pt\/wp-json\/wp\/v2\/posts\/185857","targetHints":{"allow":["GET"]}}],"collection":[{"href":"https:\/\/www.europesays.com\/pt\/wp-json\/wp\/v2\/posts"}],"about":[{"href":"https:\/\/www.europesays.com\/pt\/wp-json\/wp\/v2\/types\/post"}],"author":[{"embeddable":true,"href":"https:\/\/www.europesays.com\/pt\/wp-json\/wp\/v2\/users\/2"}],"replies":[{"embeddable":true,"href":"https:\/\/www.europesays.com\/pt\/wp-json\/wp\/v2\/comments?post=185857"}],"version-history":[{"count":0,"href":"https:\/\/www.europesays.com\/pt\/wp-json\/wp\/v2\/posts\/185857\/revisions"}],"wp:featuredmedia":[{"embeddable":true,"href":"https:\/\/www.europesays.com\/pt\/wp-json\/wp\/v2\/media\/185858"}],"wp:attachment":[{"href":"https:\/\/www.europesays.com\/pt\/wp-json\/wp\/v2\/media?parent=185857"}],"wp:term":[{"taxonomy":"category","embeddable":true,"href":"https:\/\/www.europesays.com\/pt\/wp-json\/wp\/v2\/categories?post=185857"},{"taxonomy":"post_tag","embeddable":true,"href":"https:\/\/www.europesays.com\/pt\/wp-json\/wp\/v2\/tags?post=185857"}],"curies":[{"name":"wp","href":"https:\/\/api.w.org\/{rel}","templated":true}]}}