{"id":185861,"date":"2025-12-12T20:13:10","date_gmt":"2025-12-12T20:13:10","guid":{"rendered":"https:\/\/www.europesays.com\/pt\/185861\/"},"modified":"2025-12-12T20:13:10","modified_gmt":"2025-12-12T20:13:10","slug":"sergio-marone-volta-a-record-apos-nove-anos-para-protagonizar-nova-serie-biblica-uol","status":"publish","type":"post","link":"https:\/\/www.europesays.com\/pt\/185861\/","title":{"rendered":"Sergio Marone volta \u00e0 Record ap\u00f3s nove anos para protagonizar nova s\u00e9rie b\u00edblica &#8211; UOL"},"content":{"rendered":"<ol>\n<li><a href=\"https:\/\/news.google.com\/rss\/articles\/CBMi3gFBVV95cUxPbEJncEUtTmtyZll5VUprS01PRDNYRjJkekVlNXprSDh4Z0NwcE5EeXNXY3pGWEhLdGM3SF9oS2NzUmt5WTVBczQ2ZmZLQUNuR19xbGZHV19QeXpCbHZmYXlkbUFCc3NLaXlSS3FwWWZkQ3g3aGhNWmNMejZwS1NEODdIbHNvY3NKUzY1RE1ESEJnX01rMXVJMDJzVGs4ZjVNTFhhTFJYaGFrUUhVaGNwZEhiSlIzUkVSMF9mUTAyb0hhT2pGLWw2MUFaQUxvVnJrbEpGdmJhb2tHbHRIT3fSAeMBQVVfeXFMTm5tVk5QbEtyV3VDVTZ6ck1GXzRlREI1U0ZvZlJDc0MzUTRVVVN1ZmZzNTVSQnVKc3VWbVBIY3NjOUt2cG9rekRWT1NIcWpZZWpBMm51V2xPTmlMVVlMdlZYTVVwSV9kTTdaSV9xU2F2RE16WklSN2FOTXpUc2N4aWwzb0ZES3NoRFVRNzFQNS1jTDFYSVBrdE03WVNJQ0UwVVFRZjY0YllxLWdyQjV5UHM2dS1wNVlxZlVSdVBENXlyZGhDMjItVnRnRXdVQW5TQUtpZ0RGV1hLZXYxMDZlNFNieXc?oc=5\" target=\"_blank\" rel=\"nofollow noopener\">Sergio Marone volta \u00e0 Record ap\u00f3s nove anos para protagonizar nova s\u00e9rie b\u00edblica<\/a>&nbsp;&nbsp;UOL<\/li>\n<li><a href=\"https:\/\/news.google.com\/rss\/articles\/CBMi4AFBVV95cUxORnJIbDliemNVZjZGUDZoWHlZdmtiSjc5TlVxMGpHNGF5ZjVFNF9xdElleWNSc3RHdDVacFcwbldIVzFFcldmNzd4c1NIaHpLbF9JQjQ3NmtNMExPV1h5dUpNQmQtOVEydmRGaURDN0kxRmszN0c4UVd5bG1Hb210YjZGcU5yem1ybW9yZE9xYTQ4bmVoMGJkSlh4Q0NRQTRETzdvanUwOEZiRlJsWFBmQWhpVDFGR3VWQzFJaDlDMnA3T09URDZIWG9WT2kyWlV1QzBEei1fcE01Q0QzV3hoVg?oc=5\" target=\"_blank\" rel=\"nofollow noopener\">Amor em Ru\u00ednas: Sergio Marone, Let\u00edcia Laranja e Murilo Cezar s\u00e3o os protagonistas da nova s\u00e9rie<\/a>&nbsp;&nbsp;R7 Entretenimento<\/li>\n<li><a href=\"https:\/\/news.google.com\/rss\/articles\/CBMixwFBVV95cUxPRW16NmF2UGo5WERqRzktUzRyOHJJY2U3OENQY2tYQTlzeE5PXzJSVHI3eFZfVTROd1NnQmJ3cVYxcnY2TWpKbVFER09wYlZrSkx1YkN5OVRWWDhfLVBvdWdBMzZlaHhqX3VveXhkVUlETExsNG1xOFUxRVpTbUxJaFJaMG9IcV9JUk9FV2JyNmpmc1NnaldNQm9xN1dYWGtWNGJmTGpfWm9wQ0lBUERvQk45bmpaTFlOaWhtZkhaMzU0WFd2Z3dj?oc=5\" target=\"_blank\" rel=\"nofollow noopener\">S\u00e9rgio Marone regressa \u00e0 TV RECORD na nova s\u00e9rie \u2018Amor em Ru\u00ednas\u2019<\/a>&nbsp;&nbsp;TV RECORD EUROPA<\/li>\n<li><a href=\"https:\/\/news.google.com\/rss\/articles\/CBMiwwFBVV95cUxNUGRLSl90X21Sd0dGVUw1YzlnLXl3UFNsYlRjTnhHWjhDY2Y2bE5lMUYzUFpJMFNlelZtblFtbUlxWk81QVBhVXY5YU9wMjJNX2RFSFZIUlpjaGh6T1FDdi1kYkp1UWZaS0hERm05SjdnSGZ1cFZmNTZTTkFnUjdnRGVEdG5HZE5Yd2NmczUwcHd1aGh4cEJPWWl4YzNMTjl1VEpXM0pOMkdVYjBUdzRfYnhtNk53X3lWSE05ZWhldldWZWM?oc=5\" target=\"_blank\" rel=\"nofollow noopener\">&#8216;Amor em Ru\u00ednas&#8217; marca retorno de Sergio Marone \u00e0 Record em 2026<\/a>&nbsp;&nbsp;O Planeta TV<\/li>\n<li><a href=\"https:\/\/news.google.com\/rss\/articles\/CBMirgFBVV95cUxObVBEVjRrLVhwdW5CYjVKOEQ1anQ2SFk4YUxsRUxuUWF5WVlNNWxMTVNFcDNVYmNtX0VWUUNuQ1ZfMk1tdWVwRHVZN1hERGkwb3FHVWxFeXdsbU41MVJSUVFTNWdVRUVvMUpTZWw4NVpWV2dsMGktbHJ0QnJhOW14OXFOeXFLME1vSVFLdFJVRjYxM00wcmRYZVVGZVAyTktKRWZCUlFUbFEwcncxYVE?oc=5\" target=\"_blank\" rel=\"nofollow noopener\">Sergio Marone volta \u00e0 RECORD ap\u00f3s 7 anos como protagonista de Amor em Ru\u00ednas<\/a>&nbsp;&nbsp;Portal Alta Defini\u00e7\u00e3o<\/li>\n<\/ol>\n","protected":false},"excerpt":{"rendered":"Sergio Marone volta \u00e0 Record ap\u00f3s nove anos para protagonizar nova s\u00e9rie b\u00edblica&nbsp;&nbsp;UOL Amor em Ru\u00ednas: Sergio Marone,&hellip;\n","protected":false},"author":2,"featured_media":185862,"comment_status":"","ping_status":"","sticky":false,"template":"","format":"standard","meta":{"footnotes":""},"categories":[145],"tags":[219,211,210,223,114,115,224,225,226,753,221,220,222,37772,32,33,2568,37771,2566,218,228,227],"class_list":{"0":"post-185861","1":"post","2":"type-post","3":"status-publish","4":"format-standard","5":"has-post-thumbnail","7":"category-celebridades","8":"tag-bichos","9":"tag-celebridades","10":"tag-celebrities","11":"tag-colunistas","12":"tag-entertainment","13":"tag-entretenimento","14":"tag-estranho","15":"tag-eu-amo","16":"tag-fofices","17":"tag-globo","18":"tag-horoscopo","19":"tag-humanos","20":"tag-humor","21":"tag-os-dez-mandamentos","22":"tag-portugal","23":"tag-pt","24":"tag-record","25":"tag-srgio-marone","26":"tag-televiso","27":"tag-televisao","28":"tag-tudo","29":"tag-videos"},"share_on_mastodon":{"url":"https:\/\/pubeurope.com\/@pt\/115708428473614653","error":""},"_links":{"self":[{"href":"https:\/\/www.europesays.com\/pt\/wp-json\/wp\/v2\/posts\/185861","targetHints":{"allow":["GET"]}}],"collection":[{"href":"https:\/\/www.europesays.com\/pt\/wp-json\/wp\/v2\/posts"}],"about":[{"href":"https:\/\/www.europesays.com\/pt\/wp-json\/wp\/v2\/types\/post"}],"author":[{"embeddable":true,"href":"https:\/\/www.europesays.com\/pt\/wp-json\/wp\/v2\/users\/2"}],"replies":[{"embeddable":true,"href":"https:\/\/www.europesays.com\/pt\/wp-json\/wp\/v2\/comments?post=185861"}],"version-history":[{"count":0,"href":"https:\/\/www.europesays.com\/pt\/wp-json\/wp\/v2\/posts\/185861\/revisions"}],"wp:featuredmedia":[{"embeddable":true,"href":"https:\/\/www.europesays.com\/pt\/wp-json\/wp\/v2\/media\/185862"}],"wp:attachment":[{"href":"https:\/\/www.europesays.com\/pt\/wp-json\/wp\/v2\/media?parent=185861"}],"wp:term":[{"taxonomy":"category","embeddable":true,"href":"https:\/\/www.europesays.com\/pt\/wp-json\/wp\/v2\/categories?post=185861"},{"taxonomy":"post_tag","embeddable":true,"href":"https:\/\/www.europesays.com\/pt\/wp-json\/wp\/v2\/tags?post=185861"}],"curies":[{"name":"wp","href":"https:\/\/api.w.org\/{rel}","templated":true}]}}