{"id":185865,"date":"2025-12-12T20:18:08","date_gmt":"2025-12-12T20:18:08","guid":{"rendered":"https:\/\/www.europesays.com\/pt\/185865\/"},"modified":"2025-12-12T20:18:08","modified_gmt":"2025-12-12T20:18:08","slug":"paul-bettany-pode-ter-confirmado-visao-nos-proximos-filmes-dos-vingadores","status":"publish","type":"post","link":"https:\/\/www.europesays.com\/pt\/185865\/","title":{"rendered":"Paul Bettany pode ter confirmado Vis\u00e3o nos pr\u00f3ximos filmes dos Vingadores"},"content":{"rendered":"<p class=\"wp-block-yoast-seo-estimated-reading-time yoast-reading-time__wrapper\">Estimated reading time: 2 minutos<\/p>\n<p>Ao que parece, <a href=\"https:\/\/ovicio.com.br\/tag\/vingadores-destino\/\" rel=\"nofollow noopener\" target=\"_blank\">Vingadores: Destino (2026)<\/a> e <strong>Guerras Secretas (2027) <\/strong>podem contar com o retorno do <strong>Vis\u00e3o<\/strong>. Ao menos foi isso que <strong>Paul Bettany <\/strong>deu a entender.<\/p>\n<p>Falando para o Telegraph sobre seus pr\u00f3ximos lan\u00e7amentos, o astro disse acreditar que ter\u00e1 &#8220;<strong>deveres a cumprir com os Vingadores no pr\u00f3ximo ano.<\/strong>&#8220;<\/p>\n<p>Isso indica que<strong> VisionQuest<\/strong> n\u00e3o ser\u00e1 o \u00fanico lan\u00e7amento futuro de <strong>Bettany<\/strong> com a <strong>Marvel<\/strong>. Qual ser\u00e1 o impacto da s\u00e9rie em <strong>Guerras Secretas (2027)<\/strong>? Vamos descobrir no final do ano que vem, no <strong>Disney+<\/strong>.<\/p>\n<p><strong>Vingadores: Destino<\/strong>, vale ressaltar, chegar\u00e1 aos cinemas em 17 de dezembro de 2026. Os <strong>Irm\u00e3os Russo<\/strong>, de <strong>Guerras Secretas (2018)<\/strong> e <strong>Ultimato (2019)<\/strong>,\u00a0dirigem.<\/p>\n<p>Leia mais sobre Vingadores: Destino<\/p>\n<p><strong>Fonte: <\/strong><a href=\"https:\/\/www.telegraph.co.uk\/films\/2025\/12\/12\/paul-bettany-interview-amadeus\/\" rel=\"nofollow noopener\" target=\"_blank\">The Telegraph<\/a><\/p>\n","protected":false},"excerpt":{"rendered":"Estimated reading time: 2 minutos Ao que parece, Vingadores: Destino (2026) e Guerras Secretas (2027) podem contar com&hellip;\n","protected":false},"author":2,"featured_media":185866,"comment_status":"","ping_status":"","sticky":false,"template":"","format":"standard","meta":{"footnotes":"","_share_on_mastodon":"0"},"categories":[140],"tags":[13291,13293,37710,14401,16993,32382,4417,37773,13295,23390,7539,1579,30690,30847,114,115,147,148,13296,32100,29054,37774,37775,9191,13297,31514,9473,15530,13300,19337,18008,13301,13302,12733,146,37776,22843,32,33,13305,13306,7538,13307,20982,12151,6386,37777,37711,14176,16368,32059,11192,8107],"class_list":["post-185865","post","type-post","status-publish","format-standard","has-post-thumbnail","category-filmes","tag-alan-cumming","tag-anthony-mackie","tag-avengers-doomsday","tag-benedict-cumberbatch","tag-channing-tatum","tag-chiwetel-ejiofor","tag-chris-evans","tag-ciclope","tag-david-harbour","tag-deadpool","tag-disney-plus","tag-disney","tag-doutor-destino","tag-doutor-estranho","tag-entertainment","tag-entretenimento","tag-film","tag-filmes","tag-florence-pugh","tag-gambit","tag-gaviao-arqueiro","tag-groot","tag-guerras-secretas","tag-halle-berry","tag-hannah-john-kamen","tag-hayley-atwell","tag-homem-de-ferro","tag-hugh-jackman","tag-james-marsden","tag-jeremy-renner","tag-julia-louis-dreyfus","tag-kelsey-grammer","tag-letitia-wright","tag-marvel-studios","tag-movies","tag-noturno","tag-paul-bettany","tag-portugal","tag-pt","tag-rebecca-romijn","tag-robert-downey-jr","tag-ryan-reynolds","tag-sebastian-stan","tag-tempestade","tag-tobey-maguire","tag-vingadores","tag-vingadores-5","tag-vingadores-destino","tag-vingadores-doomsday","tag-vingadores-guerras-secretas","tag-visionquest","tag-wyatt-russell","tag-x-men"],"share_on_mastodon":{"url":"","error":"Validation failed: Text character limit of 500 exceeded"},"_links":{"self":[{"href":"https:\/\/www.europesays.com\/pt\/wp-json\/wp\/v2\/posts\/185865","targetHints":{"allow":["GET"]}}],"collection":[{"href":"https:\/\/www.europesays.com\/pt\/wp-json\/wp\/v2\/posts"}],"about":[{"href":"https:\/\/www.europesays.com\/pt\/wp-json\/wp\/v2\/types\/post"}],"author":[{"embeddable":true,"href":"https:\/\/www.europesays.com\/pt\/wp-json\/wp\/v2\/users\/2"}],"replies":[{"embeddable":true,"href":"https:\/\/www.europesays.com\/pt\/wp-json\/wp\/v2\/comments?post=185865"}],"version-history":[{"count":0,"href":"https:\/\/www.europesays.com\/pt\/wp-json\/wp\/v2\/posts\/185865\/revisions"}],"wp:featuredmedia":[{"embeddable":true,"href":"https:\/\/www.europesays.com\/pt\/wp-json\/wp\/v2\/media\/185866"}],"wp:attachment":[{"href":"https:\/\/www.europesays.com\/pt\/wp-json\/wp\/v2\/media?parent=185865"}],"wp:term":[{"taxonomy":"category","embeddable":true,"href":"https:\/\/www.europesays.com\/pt\/wp-json\/wp\/v2\/categories?post=185865"},{"taxonomy":"post_tag","embeddable":true,"href":"https:\/\/www.europesays.com\/pt\/wp-json\/wp\/v2\/tags?post=185865"}],"curies":[{"name":"wp","href":"https:\/\/api.w.org\/{rel}","templated":true}]}}