{"id":185876,"date":"2025-12-12T20:25:29","date_gmt":"2025-12-12T20:25:29","guid":{"rendered":"https:\/\/www.europesays.com\/pt\/185876\/"},"modified":"2025-12-12T20:25:29","modified_gmt":"2025-12-12T20:25:29","slug":"cinco-deputados-do-psd-viajaram-para-pequim-a-convite-do-partido-comunista-chines","status":"publish","type":"post","link":"https:\/\/www.europesays.com\/pt\/185876\/","title":{"rendered":"Cinco deputados do PSD viajaram para Pequim a convite do Partido Comunista Chin\u00eas"},"content":{"rendered":"<p class=\"category\"><a href=\"https:\/\/sicnoticias.pt\/pais\" rel=\"nofollow noopener\" target=\"_blank\">Pa\u00eds<\/a><\/p>\n<p class=\"g-article-lead lead\" data-field=\"lead\">Uma delega\u00e7\u00e3o de cinco deputados do PSD visitou Pequim durante uma semana a convite do Partido Comunista Chin\u00eas. A viagem teve car\u00e1cter partid\u00e1rio e n\u00e3o parlamentar, incluindo contactos com respons\u00e1veis pol\u00edticos chineses.<\/p>\n<p><img decoding=\"async\" src=\"https:\/\/www.europesays.com\/pt\/wp-content\/uploads\/2025\/12\/1765571129_961_original.webp\" alt=\"Cinco deputados do PSD viajaram para Pequim a convite do Partido Comunista Chin\u00eas\"\/><\/p>\n<p><strong>Cinco deputados do PSD viajaram para Pequim a convite do IDPC \u2014 Departamento Internacio\u00adnal do Comit\u00e9 Central do Partido Comunista da China no \u00e2mbito partid\u00e1rio e n\u00e3o parlamentar. <\/strong><strong>Hugo Soares, secret\u00e1rio-geral e l\u00edder parlamentar social-democrata, viajou com a comitiva.<\/strong><\/p>\n<p>De acordo com o jornal Expresso, Hugo Soares indicou que o programa<strong> da visita incluiu v\u00e1rios contactos com respons\u00e1veis pol\u00edticos chineses <\/strong>e que \u00e9 &#8220;normal\u00edssimo&#8221; este tipo de convites. Este veio no \u00e2mbito das comemora\u00e7\u00f5es do 20\u00ba anivers\u00e1rio da Parceria Estrat\u00e9gica China\u2013Portugal.<\/p>\n<p>Uma vez que n\u00e3o se trata de uma visita de \u00e2mbito parlamentar, <strong>n\u00e3o existe a obriga\u00e7\u00e3o de comunicar a viagem ao Parlamento<\/strong>. Tamb\u00e9m n\u00e3o se aplicam limites de registo de ofertas e hospitalidade.<\/p>\n<p>Ainda assim, <strong>Hugo Soares informou o presidente da Assembleia da Rep\u00fablica.<\/strong><\/p>\n<p>\u201cPara l\u00e1 do diretor de Rela\u00e7\u00f5es Internacionais do PSD, <strong>acompanham-me deputados do Grupo Parlamentar de Amizade Portugal-China<\/strong>\u201d, disse ao Expresso. <\/p>\n<p>Os deputados regressam esta sexta-feira, ap\u00f3s uma semana de visita.<\/p>\n","protected":false},"excerpt":{"rendered":"Pa\u00eds Uma delega\u00e7\u00e3o de cinco deputados do PSD visitou Pequim durante uma semana a convite do Partido Comunista&hellip;\n","protected":false},"author":2,"featured_media":185877,"comment_status":"","ping_status":"","sticky":false,"template":"","format":"standard","meta":{"footnotes":""},"categories":[10],"tags":[27,28,15,16,14,25,26,21,22,12,13,19,20,32,23,24,33,17,18,29,30,31],"class_list":{"0":"post-185876","1":"post","2":"type-post","3":"status-publish","4":"format-standard","5":"has-post-thumbnail","7":"category-portugal","8":"tag-breaking-news","9":"tag-breakingnews","10":"tag-featured-news","11":"tag-featurednews","12":"tag-headlines","13":"tag-latest-news","14":"tag-latestnews","15":"tag-main-news","16":"tag-mainnews","17":"tag-news","18":"tag-noticias","19":"tag-noticias-principais","20":"tag-noticiasprincipais","21":"tag-portugal","22":"tag-principais-noticias","23":"tag-principaisnoticias","24":"tag-pt","25":"tag-top-stories","26":"tag-topstories","27":"tag-ultimas","28":"tag-ultimas-noticias","29":"tag-ultimasnoticias"},"share_on_mastodon":{"url":"https:\/\/pubeurope.com\/@pt\/115708475906144522","error":""},"_links":{"self":[{"href":"https:\/\/www.europesays.com\/pt\/wp-json\/wp\/v2\/posts\/185876","targetHints":{"allow":["GET"]}}],"collection":[{"href":"https:\/\/www.europesays.com\/pt\/wp-json\/wp\/v2\/posts"}],"about":[{"href":"https:\/\/www.europesays.com\/pt\/wp-json\/wp\/v2\/types\/post"}],"author":[{"embeddable":true,"href":"https:\/\/www.europesays.com\/pt\/wp-json\/wp\/v2\/users\/2"}],"replies":[{"embeddable":true,"href":"https:\/\/www.europesays.com\/pt\/wp-json\/wp\/v2\/comments?post=185876"}],"version-history":[{"count":0,"href":"https:\/\/www.europesays.com\/pt\/wp-json\/wp\/v2\/posts\/185876\/revisions"}],"wp:featuredmedia":[{"embeddable":true,"href":"https:\/\/www.europesays.com\/pt\/wp-json\/wp\/v2\/media\/185877"}],"wp:attachment":[{"href":"https:\/\/www.europesays.com\/pt\/wp-json\/wp\/v2\/media?parent=185876"}],"wp:term":[{"taxonomy":"category","embeddable":true,"href":"https:\/\/www.europesays.com\/pt\/wp-json\/wp\/v2\/categories?post=185876"},{"taxonomy":"post_tag","embeddable":true,"href":"https:\/\/www.europesays.com\/pt\/wp-json\/wp\/v2\/tags?post=185876"}],"curies":[{"name":"wp","href":"https:\/\/api.w.org\/{rel}","templated":true}]}}