{"id":185878,"date":"2025-12-12T20:27:15","date_gmt":"2025-12-12T20:27:15","guid":{"rendered":"https:\/\/www.europesays.com\/pt\/185878\/"},"modified":"2025-12-12T20:27:15","modified_gmt":"2025-12-12T20:27:15","slug":"gracyanne-barbosa-exibe-ensaio-ousado-com-fantasia-de-coelhinha","status":"publish","type":"post","link":"https:\/\/www.europesays.com\/pt\/185878\/","title":{"rendered":"Gracyanne Barbosa exibe ensaio ousado com fantasia de coelhinha"},"content":{"rendered":"<p>A musa fitness <strong>Gracyanne Barbosa<\/strong> esbanjou sensualidade nas redes sociais nesta semana ao relembrar ensaios fotogr\u00e1ficos que fez nos \u00faltimos tempos. A estrela abriu um \u00e1lbum de fotos ousadas e exibiu toda a sua beleza.<\/p>\n<p>Em algumas das imagens, ela surgiu com um body com transpar\u00eancia e orelhas de coelhinha enquanto ostentava suas curvas perfeitas. \u201cA vida \u00e9 feita de fases, faces e frases. Passamos por diversas fases, mudam-se as faces e nos restam as frases\u2026\u201d, filosofou na legenda.<\/p>\n<p>Nos coment\u00e1rios, ela recebeu v\u00e1rios elogios dos seguidores. \u201cMaravilhosa demais\u201d, disse um f\u00e3. \u201cLind\u00edssima\u201d, afirmou outro. \u201cPerfeitona\u201d, brincou mais um. \u201cSempre arrasando muito\u201d, contou outro.<\/p>\n<p> <img loading=\"lazy\" decoding=\"async\" class=\"wp-image-1043401 size-full img-fluid lazy\" alt=\"Gracyanne Barbosa - Foto: Reprodu\u00e7\u00e3o \/ Instagram\" width=\"2008\" height=\"1344\" src=\"https:\/\/www.europesays.com\/pt\/wp-content\/uploads\/2025\/12\/gracyanne-barbosa-ensaio-1.jpg\"  \/>ScreenshotGracyanne Barbosa \u2013 Foto: Reprodu\u00e7\u00e3o \/ Instagram <img loading=\"lazy\" decoding=\"async\" class=\"wp-image-1043402 size-full img-fluid lazy\" alt=\"Gracyanne Barbosa - Foto: Reprodu\u00e7\u00e3o \/ Instagram\" width=\"2014\" height=\"1346\" src=\"https:\/\/www.europesays.com\/pt\/wp-content\/uploads\/2025\/12\/gracyanne-barbosa-ensaio-2.jpg\"  \/>Gracyanne Barbosa \u2013 Foto: Reprodu\u00e7\u00e3o \/ Instagram <\/p>\n<blockquote class=\"instagram-media\" style=\"background: #FFF; border: 0; border-radius: 3px; box-shadow: 0 0 1px 0 rgba(0,0,0,0.5),0 1px 10px 0 rgba(0,0,0,0.15); margin: 1px; max-width: 540px; min-width: 326px; padding: 0; width: calc(100% - 2px);\" data-instgrm-captioned=\"\" data-instgrm-permalink=\"https:\/\/www.instagram.com\/p\/DSJOGUMjXhf\/?utm_source=ig_embed&amp;utm_campaign=loading\" data-instgrm-version=\"14\"><\/blockquote>\n<p>\t A trajet\u00f3ria de Gracyanne Barbosa <\/p>\n<p>A trajet\u00f3ria de Gracyanne Barbosa \u00e9 marcada por reviravoltas: da dan\u00e7a ao fisiculturismo, a musa fitness construiu uma carreira de sucesso e inspira\u00e7\u00e3o. Gracyanne Jacobina Barbosa Vitorino, nascida em Campo Grande (MS), no dia 20 de setembro de 1983, trilhou um caminho de extrema resili\u00eancia. Embora tenha se formado em Direito pela UFRJ em 2006, ela nunca chegou a exercer a profiss\u00e3o.<\/p>\n<p>Na adolesc\u00eancia, Gracyanne se mudou sozinha para o Rio de Janeiro em busca do sonho de cursar Direito. No entanto, a realidade se mostrou dura. Sem recursos e distante da fam\u00edlia, ela chegou a trabalhar como faxineira para se sustentar. Em um dos momentos mais dif\u00edceis, a musa enfrentou o despejo e, em situa\u00e7\u00e3o de vulnerabilidade, chegou a passar fome e dormir em uma pra\u00e7a, conforme ela mesma revelou em sua participa\u00e7\u00e3o no Big Brother Brasil 25.<\/p>\n<p> O auge no Tchakabum e a paix\u00e3o pelo Carnaval <\/p>\n<p>A virada come\u00e7ou em 1999, aos 16 anos, quando ela foi convidada para ser dan\u00e7arina do grupo musical Tchakabum, onde ficou at\u00e9 2008. Foi no Tchakabum que ela ganhou destaque nacional. Em 2007, a passarela do samba a acolheu, iniciando sua longa e brilhante jornada no Carnaval carioca. Gracyanne desfilou por grandes escolas como Salgueiro, Mangueira e Vila Isabel, e tamb\u00e9m marcou presen\u00e7a no Carnaval de S\u00e3o Paulo, quase sempre no posto de Rainha de Bateria. Atualmente, ela \u00e9 Rainha da Bateria da Uni\u00e3o da Ilha do Governador.<\/p>\n<p>Ap\u00f3s deixar o grupo Tchakabum, Gracyanne investiu em uma nova paix\u00e3o que se tornaria sua marca registrada: o fisiculturismo e a vida fitness. Sua disciplina na rotina de exerc\u00edcios intensos e dieta rigorosa a transformou em um \u00edcone e influenciadora digital.<\/p>\n<p>Compartilhando abertamente seu dia a dia e seu corpo extremamente musculoso nas redes sociais, Gracyanne conquistou milh\u00f5es de seguidores, tornando-se uma das maiores refer\u00eancias do segmento no Brasil. No entanto, seu f\u00edsico atl\u00e9tico e definido tamb\u00e9m \u00e9 alvo constante de cr\u00edticas, sendo frequentemente chamada de \u201cexagerada\u201d ou que \u201cparece um homem\u201d. A musa, por\u00e9m, lida com as cr\u00edticas com resili\u00eancia, afirmando que elas servem de combust\u00edvel para seguir em frente.<\/p>\n<p><strong>Leia tamb\u00e9m<\/strong>: <a href=\"https:\/\/caras.com.br\/atualidades\/gracyanne-barbosa-entrega-costume-com-a-familia-do-ex-marido-belo-todo-mundo.phtml\" rel=\"nofollow noopener\" target=\"_blank\">Gracyanne Barbosa entrega costume com a fam\u00edlia do ex-marido, Belo: \u2018Todo mundo\u2019<\/a><\/p>\n<p>        <a href=\"https:\/\/caras.com.br\/autor\/priscilla-comoti\" rel=\"nofollow noopener\" target=\"_blank\">&#13;<br \/>\n          <img alt=\"Priscilla Comoti\" src=\"https:\/\/www.europesays.com\/pt\/wp-content\/uploads\/2025\/12\/1765571235_389_e53883bdf02c542f6517b68879e8cb08b27a1d55c4dfd53577e47d3ab6331a06\"  class=\"avatar avatar-115 photo rounded-circle mr-3\" height=\"115\" width=\"115\" loading=\"lazy\" decoding=\"async\"\/>        <\/a><\/p>\n<p>Priscilla Comoti \u00e9 editora de conte\u00fado do site CARAS. Ela \u00e9 formada em jornalismo e em audiovisual, j\u00e1 passou pelos sites Contigo!, Minha Novela, TiTiTi, Mais Novela e Portal M\u00e1rcia Piovesan. Escreve sobre celebridades, not\u00edcias sobre a fam\u00edlia real brit\u00e2nica, TV, reality show e novelas.<\/p>\n<p>\t                                            <script async src=\"\/\/www.instagram.com\/embed.js\"><\/script><\/p>\n","protected":false},"excerpt":{"rendered":"A musa fitness Gracyanne Barbosa esbanjou sensualidade nas redes sociais nesta semana ao relembrar ensaios fotogr\u00e1ficos que fez&hellip;\n","protected":false},"author":2,"featured_media":185879,"comment_status":"","ping_status":"","sticky":false,"template":"","format":"standard","meta":{"footnotes":""},"categories":[145],"tags":[211,210,37778,114,115,12299,5735,37779,32,33],"class_list":{"0":"post-185878","1":"post","2":"type-post","3":"status-publish","4":"format-standard","5":"has-post-thumbnail","7":"category-celebridades","8":"tag-celebridades","9":"tag-celebrities","10":"tag-ensaio-fotografico","11":"tag-entertainment","12":"tag-entretenimento","13":"tag-fantasia","14":"tag-gracyanne-barbosa","15":"tag-gracyanne-barbosa-nua","16":"tag-portugal","17":"tag-pt"},"share_on_mastodon":{"url":"https:\/\/pubeurope.com\/@pt\/115708483879042016","error":""},"_links":{"self":[{"href":"https:\/\/www.europesays.com\/pt\/wp-json\/wp\/v2\/posts\/185878","targetHints":{"allow":["GET"]}}],"collection":[{"href":"https:\/\/www.europesays.com\/pt\/wp-json\/wp\/v2\/posts"}],"about":[{"href":"https:\/\/www.europesays.com\/pt\/wp-json\/wp\/v2\/types\/post"}],"author":[{"embeddable":true,"href":"https:\/\/www.europesays.com\/pt\/wp-json\/wp\/v2\/users\/2"}],"replies":[{"embeddable":true,"href":"https:\/\/www.europesays.com\/pt\/wp-json\/wp\/v2\/comments?post=185878"}],"version-history":[{"count":0,"href":"https:\/\/www.europesays.com\/pt\/wp-json\/wp\/v2\/posts\/185878\/revisions"}],"wp:featuredmedia":[{"embeddable":true,"href":"https:\/\/www.europesays.com\/pt\/wp-json\/wp\/v2\/media\/185879"}],"wp:attachment":[{"href":"https:\/\/www.europesays.com\/pt\/wp-json\/wp\/v2\/media?parent=185878"}],"wp:term":[{"taxonomy":"category","embeddable":true,"href":"https:\/\/www.europesays.com\/pt\/wp-json\/wp\/v2\/categories?post=185878"},{"taxonomy":"post_tag","embeddable":true,"href":"https:\/\/www.europesays.com\/pt\/wp-json\/wp\/v2\/tags?post=185878"}],"curies":[{"name":"wp","href":"https:\/\/api.w.org\/{rel}","templated":true}]}}