{"id":185893,"date":"2025-12-12T20:45:10","date_gmt":"2025-12-12T20:45:10","guid":{"rendered":"https:\/\/www.europesays.com\/pt\/185893\/"},"modified":"2025-12-12T20:45:10","modified_gmt":"2025-12-12T20:45:10","slug":"governo-vai-pagar-aos-professores-30-milhoes-por-horas-extraordinarias","status":"publish","type":"post","link":"https:\/\/www.europesays.com\/pt\/185893\/","title":{"rendered":"Governo vai pagar aos professores 30 milh\u00f5es por horas extraordin\u00e1rias"},"content":{"rendered":"<p>&#13;<br \/>\nO ministro da Educa\u00e7\u00e3o, Ci\u00eancia e Inova\u00e7\u00e3o, Fernando Alexandre, anunciou esta sexta-feira que o Governo vai pagar aos professores 30 milh\u00f5es de euros por horas extraordin\u00e1rias acumuladas desde 2018.&#13;\n<\/p>\n<p>&#13;<br \/>\nS\u00e3o horas que nunca foram pagas: &#8220;Vamos fazer agora uma corre\u00e7\u00e3o das horas extraordin\u00e1rias desde 2018 e s\u00f3 a corre\u00e7\u00e3o s\u00e3o 30 milh\u00f5es de euros que deviam ter sido pagos aos professores e n\u00e3o foram&#8221;, explicou o ministro \u00e0 margem da inaugura\u00e7\u00e3o dos laborat\u00f3rios INNOV2CARE, da Escola Superior de Tecnologia da Sa\u00fade de Coimbra.&#13;\n<\/p>\n<p>&#13;<br \/>\nEste ano ser\u00e3o entretanto pagos 20 milh\u00f5es aos professores tamb\u00e9m em horas extraordin\u00e1rias, adiantou Fernando Alexandre, aproveitando para justificar com essas horas que o facto de existirem hor\u00e1rios por preencher nas escolas e estudantes sem professores n\u00e3o implica que os alunos estejam sem aulas.&#13;\n<\/p>\n<p>&#13;<br \/>\n&#8220;O facto de ter um hor\u00e1rio por preencher n\u00e3o quer dizer, na maior parte dos casos, que os alunos estejam sem aulas. Muitos hor\u00e1rios que n\u00e3o est\u00e3o preenchidos est\u00e3o a ser ocupados e a garantir as aulas atrav\u00e9s de horas extraordin\u00e1rias&#8221;, esclareceu.&#13;\n<\/p>\n<p>&#13;<br \/>\nFernando Alexandre disse que o minist\u00e9rio est\u00e1 a preparar um sistema de informa\u00e7\u00e3o, que ainda n\u00e3o est\u00e1 dispon\u00edvel, &#8220;para saber que alunos est\u00e3o sem aulas, a que disciplinas e durante quanto tempo&#8221;.&#13;\n<\/p>\n<p>&#13;<br \/>\nRelativamente \u00e0 greve da fun\u00e7\u00e3o p\u00fablica, o ministro da Educa\u00e7\u00e3o disse que fecharam oito por cento das escolas. Com a greve geral de quinta-feira, encerraram cinquenta por cento, acrescentou.&#13;\n<\/p>\n<p>&#13;<br \/>\nc\/ Lusa&#13;<\/p>\n","protected":false},"excerpt":{"rendered":"&#13; O ministro da Educa\u00e7\u00e3o, Ci\u00eancia e Inova\u00e7\u00e3o, Fernando Alexandre, anunciou esta sexta-feira que o Governo vai pagar&hellip;\n","protected":false},"author":2,"featured_media":185894,"comment_status":"","ping_status":"","sticky":false,"template":"","format":"standard","meta":{"footnotes":""},"categories":[8],"tags":[1565,27,28,15,16,14,25,26,21,22,37784,12,13,19,20,31097,32,23,24,33,17,18,29,30,31],"class_list":{"0":"post-185893","1":"post","2":"type-post","3":"status-publish","4":"format-standard","5":"has-post-thumbnail","7":"category-principais-noticias","8":"tag-beira","9":"tag-breaking-news","10":"tag-breakingnews","11":"tag-featured-news","12":"tag-featurednews","13":"tag-headlines","14":"tag-latest-news","15":"tag-latestnews","16":"tag-main-news","17":"tag-mainnews","18":"tag-medica-radioterapia","19":"tag-news","20":"tag-noticias","21":"tag-noticias-principais","22":"tag-noticiasprincipais","23":"tag-politecnico","24":"tag-portugal","25":"tag-principais-noticias","26":"tag-principaisnoticias","27":"tag-pt","28":"tag-top-stories","29":"tag-topstories","30":"tag-ultimas","31":"tag-ultimas-noticias","32":"tag-ultimasnoticias"},"share_on_mastodon":{"url":"https:\/\/pubeurope.com\/@pt\/115708554957491746","error":""},"_links":{"self":[{"href":"https:\/\/www.europesays.com\/pt\/wp-json\/wp\/v2\/posts\/185893","targetHints":{"allow":["GET"]}}],"collection":[{"href":"https:\/\/www.europesays.com\/pt\/wp-json\/wp\/v2\/posts"}],"about":[{"href":"https:\/\/www.europesays.com\/pt\/wp-json\/wp\/v2\/types\/post"}],"author":[{"embeddable":true,"href":"https:\/\/www.europesays.com\/pt\/wp-json\/wp\/v2\/users\/2"}],"replies":[{"embeddable":true,"href":"https:\/\/www.europesays.com\/pt\/wp-json\/wp\/v2\/comments?post=185893"}],"version-history":[{"count":0,"href":"https:\/\/www.europesays.com\/pt\/wp-json\/wp\/v2\/posts\/185893\/revisions"}],"wp:featuredmedia":[{"embeddable":true,"href":"https:\/\/www.europesays.com\/pt\/wp-json\/wp\/v2\/media\/185894"}],"wp:attachment":[{"href":"https:\/\/www.europesays.com\/pt\/wp-json\/wp\/v2\/media?parent=185893"}],"wp:term":[{"taxonomy":"category","embeddable":true,"href":"https:\/\/www.europesays.com\/pt\/wp-json\/wp\/v2\/categories?post=185893"},{"taxonomy":"post_tag","embeddable":true,"href":"https:\/\/www.europesays.com\/pt\/wp-json\/wp\/v2\/tags?post=185893"}],"curies":[{"name":"wp","href":"https:\/\/api.w.org\/{rel}","templated":true}]}}