{"id":185905,"date":"2025-12-12T20:57:12","date_gmt":"2025-12-12T20:57:12","guid":{"rendered":"https:\/\/www.europesays.com\/pt\/185905\/"},"modified":"2025-12-12T20:57:12","modified_gmt":"2025-12-12T20:57:12","slug":"secreta-dinamarquesa-alerta-para-ameaca-militar-dos-eua-observador","status":"publish","type":"post","link":"https:\/\/www.europesays.com\/pt\/185905\/","title":{"rendered":"&#8220;Secreta&#8221; dinamarquesa alerta para amea\u00e7a militar dos EUA \u2013 Observador"},"content":{"rendered":"<p>Os Estados Unidos est\u00e3o a usar o seu poder econ\u00f3mico para \u201cimpor a sua vontade\u201d e amea\u00e7ar com for\u00e7a militar tanto aliados como advers\u00e1rios, afirmaram os servi\u00e7os secretos dinamarqueses, num novo relat\u00f3rio esta sexta-feira conhecido publicamente.<\/p>\n<p>O Servi\u00e7o de Informa\u00e7\u00f5es de Defesa da Dinamarca, na sua mais recente avalia\u00e7\u00e3o anual, divulgada na quarta-feira, refere que a maior assertividade de Washington sob a administra\u00e7\u00e3o do seu presidente, Donald Trump, surge num contexto em que a China e a R\u00fassia procuram reduzir a influ\u00eancia ocidental, especialmente a norte-americana.<\/p>\n<p>Particularmente sens\u00edvel para a Dinamarca \u2014\u00a0membro da Organiza\u00e7\u00e3o do Tratado do Atl\u00e2ntico Norte (NATO) e da Uni\u00e3o Europeia (UE), bem como aliada dos pr\u00f3prios norte-americanos \u2014\u00a0\u00e9 a crescente competi\u00e7\u00e3o entre essas grandes pot\u00eancias no \u00c1rtico.<\/p>\n<p>Trump manifestou o desejo de ver a Gronel\u00e2ndia, um territ\u00f3rio dinamarqu\u00eas semi-aut\u00f3nomo e rico em recursos minerais, tornar-se parte dos Estados Unidos, uma inten\u00e7\u00e3o rejeitada pela R\u00fassia e por grande parte da Europa.<\/p>\n<p>\u201cA import\u00e2ncia estrat\u00e9gica do \u00c1rtico est\u00e1 a aumentar \u00e0 medida que o conflito entre a R\u00fassia e o Ocidente se intensifica, e o crescente foco dos Estados Unidos nas quest\u00f5es de seguran\u00e7a e estrat\u00e9gia na regi\u00e3o acelerar\u00e1 estes desenvolvimentos ainda mais\u201d, refere o relat\u00f3rio da \u2018secreta\u2019 dinamarquesa.<\/p>\n<p>A avalia\u00e7\u00e3o surge tamb\u00e9m ap\u00f3s a publica\u00e7\u00e3o, na semana passada, da nova estrat\u00e9gia de seguran\u00e7a nacional da administra\u00e7\u00e3o Trump, que descreve os aliados europeus como fr\u00e1geis e visa reafirmar a domin\u00e2ncia norte-americana no hemisf\u00e9rio ocidental.<\/p>\n<p>O presidente da R\u00fassia, Vladimir Putin, afirmou que a R\u00fassia est\u00e1 preocupada com as atividades da NATO no \u00c1rtico e que responder\u00e1 refor\u00e7ando a sua capacidade militar na regi\u00e3o polar.<\/p>\n<p>As conclus\u00f5es e an\u00e1lises do relat\u00f3rio ecoam uma s\u00e9rie de preocupa\u00e7\u00f5es recentes, sobretudo na Europa Ocidental, sobre a postura cada vez mais unilateral dos Estados Unidos, que, no segundo mandato de Trump, t\u00eam privilegiado acordos bilaterais e parcerias em detrimento de alian\u00e7as multilaterais como a NATO.<\/p>\n<p>\u201cPara muitos pa\u00edses fora do Ocidente, tornou-se uma op\u00e7\u00e3o vi\u00e1vel estabelecer acordos estrat\u00e9gicos com a China em vez dos Estados Unidos. A China e a R\u00fassia, juntamente com outros Estados com interesses convergentes, procuram reduzir a influ\u00eancia global do Ocidente e, em particular, dos Estados Unidos\u201d, l\u00ea-se no relat\u00f3rio.<\/p>\n<p>\u201cEm simult\u00e2neo, aumentou a incerteza sobre a forma como os Estados Unidos ir\u00e3o priorizar os seus recursos no futuro. Isto d\u00e1 aos poderes regionais maior margem de manobra, permitindo-lhes escolher entre os Estados Unidos e a China ou procurar um equil\u00edbrio entre ambos\u201d, adverte o relat\u00f3rio dos servi\u00e7os secretos dinamarqueses.<\/p>\n<p>A administra\u00e7\u00e3o Trump tem suscitado preocupa\u00e7\u00f5es quanto ao respeito pelo direito internacional face \u00e0 s\u00e9rie de ataques mortais contra alegados barcos de tr\u00e1fico de droga no mar das Cara\u00edbas e no Pac\u00edfico Oriental, naquilo que se diz ser parte de uma campanha de press\u00e3o refor\u00e7ada contra o Presidente venezuelano, Nicol\u00e1s Maduro.<\/p>\n<p>Trump tamb\u00e9m se recusou a excluir o uso da for\u00e7a militar na Gronel\u00e2ndia, onde os Estados Unidos j\u00e1 disp\u00f5em de uma base militar.<\/p>\n<p>\u201cOs Estados Unidos est\u00e3o a usar o seu poder econ\u00f3mico, incluindo amea\u00e7as de tarifas elevadas, para impor a sua vontade, e a possibilidade de recorrer \u00e0 for\u00e7a militar \u2014 mesmo contra aliados \u2014\u00a0deixou de ser exclu\u00edda\u201d, conclui o relat\u00f3rio.<\/p>\n","protected":false},"excerpt":{"rendered":"Os Estados Unidos est\u00e3o a usar o seu poder econ\u00f3mico para \u201cimpor a sua vontade\u201d e amea\u00e7ar com&hellip;\n","protected":false},"author":2,"featured_media":185906,"comment_status":"","ping_status":"","sticky":false,"template":"","format":"standard","meta":{"footnotes":""},"categories":[50],"tags":[624,27,28,358,2537,4639,92,623,445,15,16,14,25,26,21,22,62,12,13,19,20,23,24,3879,58,17,18,29,30,31,63,64,65],"class_list":{"0":"post-185905","1":"post","2":"type-post","3":"status-publish","4":"format-standard","5":"has-post-thumbnail","7":"category-mundo","8":"tag-amu00e9rica","9":"tag-breaking-news","10":"tag-breakingnews","11":"tag-china","12":"tag-defesa","13":"tag-dinamarca","14":"tag-donald-trump","15":"tag-estados-unidos-da-amu00e9rica","16":"tag-europa","17":"tag-featured-news","18":"tag-featurednews","19":"tag-headlines","20":"tag-latest-news","21":"tag-latestnews","22":"tag-main-news","23":"tag-mainnews","24":"tag-mundo","25":"tag-news","26":"tag-noticias","27":"tag-noticias-principais","28":"tag-noticiasprincipais","29":"tag-principais-noticias","30":"tag-principaisnoticias","31":"tag-ru00fassia","32":"tag-sociedade","33":"tag-top-stories","34":"tag-topstories","35":"tag-ultimas","36":"tag-ultimas-noticias","37":"tag-ultimasnoticias","38":"tag-world","39":"tag-world-news","40":"tag-worldnews"},"share_on_mastodon":{"url":"","error":"Validation failed: Text character limit of 500 exceeded"},"_links":{"self":[{"href":"https:\/\/www.europesays.com\/pt\/wp-json\/wp\/v2\/posts\/185905","targetHints":{"allow":["GET"]}}],"collection":[{"href":"https:\/\/www.europesays.com\/pt\/wp-json\/wp\/v2\/posts"}],"about":[{"href":"https:\/\/www.europesays.com\/pt\/wp-json\/wp\/v2\/types\/post"}],"author":[{"embeddable":true,"href":"https:\/\/www.europesays.com\/pt\/wp-json\/wp\/v2\/users\/2"}],"replies":[{"embeddable":true,"href":"https:\/\/www.europesays.com\/pt\/wp-json\/wp\/v2\/comments?post=185905"}],"version-history":[{"count":0,"href":"https:\/\/www.europesays.com\/pt\/wp-json\/wp\/v2\/posts\/185905\/revisions"}],"wp:featuredmedia":[{"embeddable":true,"href":"https:\/\/www.europesays.com\/pt\/wp-json\/wp\/v2\/media\/185906"}],"wp:attachment":[{"href":"https:\/\/www.europesays.com\/pt\/wp-json\/wp\/v2\/media?parent=185905"}],"wp:term":[{"taxonomy":"category","embeddable":true,"href":"https:\/\/www.europesays.com\/pt\/wp-json\/wp\/v2\/categories?post=185905"},{"taxonomy":"post_tag","embeddable":true,"href":"https:\/\/www.europesays.com\/pt\/wp-json\/wp\/v2\/tags?post=185905"}],"curies":[{"name":"wp","href":"https:\/\/api.w.org\/{rel}","templated":true}]}}