{"id":185907,"date":"2025-12-12T20:58:16","date_gmt":"2025-12-12T20:58:16","guid":{"rendered":"https:\/\/www.europesays.com\/pt\/185907\/"},"modified":"2025-12-12T20:58:16","modified_gmt":"2025-12-12T20:58:16","slug":"constituida-arguida-por-compras-com-cartao-sem-autorizacao-observador","status":"publish","type":"post","link":"https:\/\/www.europesays.com\/pt\/185907\/","title":{"rendered":"Constitu\u00edda arguida por compras com cart\u00e3o sem autoriza\u00e7\u00e3o \u2013 Observador"},"content":{"rendered":"<p>Uma mulher de 60 anos foi constitu\u00edda arguida pela GNR por utiliza\u00e7\u00e3o indevida de cart\u00e3o banc\u00e1rio na aquisi\u00e7\u00e3o de v\u00e1rios bens, num valor superior a 3.000 euros, no concelho do Sabugal.<\/p>\n<p>A suspeita foi detida na quarta-feira por elementos do N\u00facleo de Investiga\u00e7\u00e3o Criminal (NIC) da GNR de Vilar Formoso, no \u00e2mbito de um inqu\u00e9rito relacionado com a pr\u00e1tica de um <strong>crime de abuso de cart\u00e3o banc\u00e1rio<\/strong>.<\/p>\n<p>\u201cOs militares da Guarda realizaram dilig\u00eancias que culminaram na realiza\u00e7\u00e3o de quatro mandados de busca, uma domicili\u00e1ria, duas em ve\u00edculos e uma em casa devoluta, no concelho do Sabugal\u201d, adiantou o Comando Territorial da GNR da Guarda numa nota enviada \u00e0 ag\u00eancia Lusa.<\/p>\n<p>Na a\u00e7\u00e3o, foram recuperados e apreendidos v\u00e1rios eletrodom\u00e9sticos, tinteiros de impressora e um sistema de posicionamento global, vulgarmente conhecido pela sigla GPS, \u201cadquiridos atrav\u00e9s da utiliza\u00e7\u00e3o indevida de cart\u00e3o banc\u00e1rio, sem autoriza\u00e7\u00e3o do leg\u00edtimo titular, num valor superior a tr\u00eas mil euros\u201d.<\/p>\n<p>A suspeita foi constitu\u00edda arguida e os factos foram comunicados ao Tribunal Judicial da Guarda.<\/p>\n<p>A opera\u00e7\u00e3o contou com o refor\u00e7o do Posto Territorial de Vilar Formoso.<\/p>\n","protected":false},"excerpt":{"rendered":"Uma mulher de 60 anos foi constitu\u00edda arguida pela GNR por utiliza\u00e7\u00e3o indevida de cart\u00e3o banc\u00e1rio na aquisi\u00e7\u00e3o&hellip;\n","protected":false},"author":2,"featured_media":185908,"comment_status":"","ping_status":"","sticky":false,"template":"","format":"standard","meta":{"footnotes":""},"categories":[10],"tags":[27,28,604,15,16,2002,8720,14,300,25,26,21,22,12,13,19,20,57,2003,32,23,24,33,2004,58,17,18,29,30,31],"class_list":{"0":"post-185907","1":"post","2":"type-post","3":"status-publish","4":"format-standard","5":"has-post-thumbnail","7":"category-portugal","8":"tag-breaking-news","9":"tag-breakingnews","10":"tag-crime","11":"tag-featured-news","12":"tag-featurednews","13":"tag-gnr","14":"tag-guarda","15":"tag-headlines","16":"tag-justiu00e7a","17":"tag-latest-news","18":"tag-latestnews","19":"tag-main-news","20":"tag-mainnews","21":"tag-news","22":"tag-noticias","23":"tag-noticias-principais","24":"tag-noticiasprincipais","25":"tag-pau00eds","26":"tag-polu00edcia","27":"tag-portugal","28":"tag-principais-noticias","29":"tag-principaisnoticias","30":"tag-pt","31":"tag-seguranu00e7a","32":"tag-sociedade","33":"tag-top-stories","34":"tag-topstories","35":"tag-ultimas","36":"tag-ultimas-noticias","37":"tag-ultimasnoticias"},"share_on_mastodon":{"url":"https:\/\/pubeurope.com\/@pt\/115708605491899910","error":""},"_links":{"self":[{"href":"https:\/\/www.europesays.com\/pt\/wp-json\/wp\/v2\/posts\/185907","targetHints":{"allow":["GET"]}}],"collection":[{"href":"https:\/\/www.europesays.com\/pt\/wp-json\/wp\/v2\/posts"}],"about":[{"href":"https:\/\/www.europesays.com\/pt\/wp-json\/wp\/v2\/types\/post"}],"author":[{"embeddable":true,"href":"https:\/\/www.europesays.com\/pt\/wp-json\/wp\/v2\/users\/2"}],"replies":[{"embeddable":true,"href":"https:\/\/www.europesays.com\/pt\/wp-json\/wp\/v2\/comments?post=185907"}],"version-history":[{"count":0,"href":"https:\/\/www.europesays.com\/pt\/wp-json\/wp\/v2\/posts\/185907\/revisions"}],"wp:featuredmedia":[{"embeddable":true,"href":"https:\/\/www.europesays.com\/pt\/wp-json\/wp\/v2\/media\/185908"}],"wp:attachment":[{"href":"https:\/\/www.europesays.com\/pt\/wp-json\/wp\/v2\/media?parent=185907"}],"wp:term":[{"taxonomy":"category","embeddable":true,"href":"https:\/\/www.europesays.com\/pt\/wp-json\/wp\/v2\/categories?post=185907"},{"taxonomy":"post_tag","embeddable":true,"href":"https:\/\/www.europesays.com\/pt\/wp-json\/wp\/v2\/tags?post=185907"}],"curies":[{"name":"wp","href":"https:\/\/api.w.org\/{rel}","templated":true}]}}