{"id":185909,"date":"2025-12-12T21:00:01","date_gmt":"2025-12-12T21:00:01","guid":{"rendered":"https:\/\/www.europesays.com\/pt\/185909\/"},"modified":"2025-12-12T21:00:01","modified_gmt":"2025-12-12T21:00:01","slug":"fc-porto-dor-de-cabeca-para-farioli-que-chamou-um-campeao-do-mundo","status":"publish","type":"post","link":"https:\/\/www.europesays.com\/pt\/185909\/","title":{"rendered":"FC Porto: dor de cabe\u00e7a para Farioli, que chamou um campe\u00e3o do Mundo"},"content":{"rendered":"<p>Horas depois da vit\u00f3ria sobre o Malmo para a Liga Europa, o plantel principal regressou na manh\u00e3 desta sexta-feira ao Olival com a mente j\u00e1 na rece\u00e7\u00e3o ao <a target=\"_blank\" class=\"editor-link autolink-enabled\" href=\"https:\/\/www.abola.pt\/futebol\/estrela-da-amadora-21677\" data-resource-id=\"21677\" data-resource-type=\"team\" data-sport=\"football\" rel=\"nofollow noopener\">Estrela da Amadora<\/a>, da 14.\u00aa jornada da Liga (segunda-feira, 20h45, Sport TV1). Os titulares frente ao Malmo realizaram treino de recupera\u00e7\u00e3o, enquanto os menos utilizados e os n\u00e3o utilizados fizeram treino no relvado. O m\u00e9dio <a target=\"_blank\" class=\"editor-link autolink-enabled\" href=\"https:\/\/www.abola.pt\/futebol\/jogador\/bernardo-lima-7943403\" data-resource-id=\"7943403\" data-resource-type=\"player\" data-sport=\"football\" rel=\"nofollow noopener\">Bernardo Lima<\/a>, campe\u00e3o do mundo sub-17, juntou-se ao grupo \u00e0s ordens de Francesco Farioli.<\/p>\n<p><a target=\"_blank\" class=\"editor-link autolink-enabled\" href=\"https:\/\/www.abola.pt\/futebol\/jogador\/rodrigo-mora-294483\" data-resource-id=\"294483\" data-resource-type=\"player\" data-sport=\"football\" rel=\"nofollow noopener\">Rodrigo Mora<\/a>, que fez tratamento a uma mialgia na coxa esquerda, viu o nome adicionado a um boletim cl\u00ednico em que constam tamb\u00e9m os de <a target=\"_blank\" class=\"editor-link autolink-enabled\" href=\"https:\/\/www.abola.pt\/futebol\/jogador\/nehuen-perez-187377\" data-resource-id=\"187377\" data-resource-type=\"player\" data-sport=\"football\" rel=\"nofollow noopener\">Nehu\u00e9n P\u00e9rez<\/a> (tratamento e trabalho de gin\u00e1sio), <a target=\"_blank\" class=\"editor-link autolink-enabled\" href=\"https:\/\/www.abola.pt\/futebol\/jogador\/luuk-de-jong-7219\" data-resource-id=\"7219\" data-resource-type=\"player\" data-sport=\"football\" rel=\"nofollow noopener\">Luuk de Jong<\/a> (tratamento) e <a target=\"_blank\" class=\"editor-link autolink-enabled\" href=\"https:\/\/www.abola.pt\/futebol\/jogador\/gabri-veiga-218005\" data-resource-id=\"218005\" data-resource-type=\"player\" data-sport=\"football\" rel=\"nofollow noopener\">Gabri Veiga<\/a> (treino integrado condicionado). O jovem avan\u00e7ado dos drag\u00f5es est\u00e1, portanto, em d\u00favida para a rece\u00e7\u00e3o aos tricolores.<\/p>\n","protected":false},"excerpt":{"rendered":"Horas depois da vit\u00f3ria sobre o Malmo para a Liga Europa, o plantel principal regressou na manh\u00e3 desta&hellip;\n","protected":false},"author":2,"featured_media":185910,"comment_status":"","ping_status":"","sticky":false,"template":"","format":"standard","meta":{"footnotes":""},"categories":[8],"tags":[27,28,15,16,14,25,26,21,22,12,13,19,20,32,23,24,33,17,18,29,30,31],"class_list":{"0":"post-185909","1":"post","2":"type-post","3":"status-publish","4":"format-standard","5":"has-post-thumbnail","7":"category-principais-noticias","8":"tag-breaking-news","9":"tag-breakingnews","10":"tag-featured-news","11":"tag-featurednews","12":"tag-headlines","13":"tag-latest-news","14":"tag-latestnews","15":"tag-main-news","16":"tag-mainnews","17":"tag-news","18":"tag-noticias","19":"tag-noticias-principais","20":"tag-noticiasprincipais","21":"tag-portugal","22":"tag-principais-noticias","23":"tag-principaisnoticias","24":"tag-pt","25":"tag-top-stories","26":"tag-topstories","27":"tag-ultimas","28":"tag-ultimas-noticias","29":"tag-ultimasnoticias"},"share_on_mastodon":{"url":"https:\/\/pubeurope.com\/@pt\/115708613340895866","error":""},"_links":{"self":[{"href":"https:\/\/www.europesays.com\/pt\/wp-json\/wp\/v2\/posts\/185909","targetHints":{"allow":["GET"]}}],"collection":[{"href":"https:\/\/www.europesays.com\/pt\/wp-json\/wp\/v2\/posts"}],"about":[{"href":"https:\/\/www.europesays.com\/pt\/wp-json\/wp\/v2\/types\/post"}],"author":[{"embeddable":true,"href":"https:\/\/www.europesays.com\/pt\/wp-json\/wp\/v2\/users\/2"}],"replies":[{"embeddable":true,"href":"https:\/\/www.europesays.com\/pt\/wp-json\/wp\/v2\/comments?post=185909"}],"version-history":[{"count":0,"href":"https:\/\/www.europesays.com\/pt\/wp-json\/wp\/v2\/posts\/185909\/revisions"}],"wp:featuredmedia":[{"embeddable":true,"href":"https:\/\/www.europesays.com\/pt\/wp-json\/wp\/v2\/media\/185910"}],"wp:attachment":[{"href":"https:\/\/www.europesays.com\/pt\/wp-json\/wp\/v2\/media?parent=185909"}],"wp:term":[{"taxonomy":"category","embeddable":true,"href":"https:\/\/www.europesays.com\/pt\/wp-json\/wp\/v2\/categories?post=185909"},{"taxonomy":"post_tag","embeddable":true,"href":"https:\/\/www.europesays.com\/pt\/wp-json\/wp\/v2\/tags?post=185909"}],"curies":[{"name":"wp","href":"https:\/\/api.w.org\/{rel}","templated":true}]}}