{"id":185911,"date":"2025-12-12T21:01:21","date_gmt":"2025-12-12T21:01:21","guid":{"rendered":"https:\/\/www.europesays.com\/pt\/185911\/"},"modified":"2025-12-12T21:01:21","modified_gmt":"2025-12-12T21:01:21","slug":"e-um-personagem-24-horas-record","status":"publish","type":"post","link":"https:\/\/www.europesays.com\/pt\/185911\/","title":{"rendered":"\u2018\u00c9 um personagem 24 horas\u2019 \u2013 Record"},"content":{"rendered":"<p><img decoding=\"async\" data-chromatic=\"ignore\" alt=\"\" class=\"c-image\" loading=\"lazy\" src=\"https:\/\/www.europesays.com\/pt\/wp-content\/uploads\/2025\/12\/3UQ7ONJ7GVFHNP37JFJWAXWUVE.png\"  width=\"677\" height=\"339\"\/>Voc\u00ea torceu por Toninho na competi\u00e7\u00e3o? Reprodu\u00e7\u00e3o\/YouTube <\/p>\n<p class=\"jarvics:base-text-neutral-high-400 base-text-[calc(theme(fontSize.xs)_*_var(--font-size,_1))] base-font-normal base-font-primary base-text-neutral-low-500 base-text-left\">O show de com\u00e9dia rural de <a href=\"https:\/\/record.r7.com\/a-fazenda\/a-fazenda-17\/peoes\/toninho-tornado\" target=\"_self\" rel=\"nofollow noopener\" title=\"https:\/\/record.r7.com\/a-fazenda\/a-fazenda-17\/peoes\/toninho-tornado\"><b>Toninho Tornado<\/b><\/a> chegou ao fim. Ap\u00f3s quase conquistar uma vaga no <a href=\"https:\/\/record.r7.com\/a-fazenda\/a-fazenda-17\/novidades\/fotos\/top-7-veja-os-peoes-que-chegaram-a-reta-final-de-a-fazenda-17-12122025\/\" target=\"_self\" rel=\"nofollow noopener\" title=\"https:\/\/record.r7.com\/a-fazenda\/a-fazenda-17\/novidades\/fotos\/top-7-veja-os-peoes-que-chegaram-a-reta-final-de-a-fazenda-17-12122025\/\"><b>Top 7<\/b><\/a> de <a href=\"https:\/\/record.r7.com\/a-fazenda\/a-fazenda-17\/\" target=\"_self\" rel=\"nofollow noopener\" title=\"https:\/\/record.r7.com\/a-fazenda\/a-fazenda-17\/\"><b>A Fazenda 17<\/b><\/a>, o humorista deixou a sede na madrugada desta sexta (12) e j\u00e1 reviveu todas as pol\u00eamicas do reality rural na Live do Eliminado com <a href=\"https:\/\/record.r7.com\/a-fazenda\/a-fazenda-17\/lucas-selfie\/\" target=\"_self\" rel=\"nofollow noopener\" title=\"https:\/\/record.r7.com\/a-fazenda\/a-fazenda-17\/lucas-selfie\/\"><b>Lucas Selfie<\/b><\/a>; confira!<\/p>\n<ul class=\"b-article-body__list-unordered\">\n<li><b>Quer ficar por dentro de tudo que est\u00e1 acontecendo em\u00a0<\/b><b>A Fazenda 17<\/b><b>?\u00a0<\/b><a href=\"https:\/\/www.whatsapp.com\/channel\/0029Va2cJIR1noz2ahzX0D1N\" rel=\"nofollow noopener\" title=\"https:\/\/www.whatsapp.com\/channel\/0029Va2cJIR1noz2ahzX0D1N\" target=\"_blank\"><b>Clique aqui<\/b><\/a><b>\u00a0e fa\u00e7a parte do nosso canal no WhatsApp!<\/b><\/li>\n<\/ul>\n<p class=\"jarvics:base-text-neutral-high-400 base-text-[calc(theme(fontSize.xs)_*_var(--font-size,_1))] base-font-normal base-font-primary base-text-neutral-low-500 base-text-left\">Cheio de bom humor, o novo ex-pe\u00e3o chegou arrancando risadas do apresentador e convidados. Contudo, ele confessou que j\u00e1 chorou ap\u00f3s sair do game: \u201cO <a href=\"https:\/\/record.r7.com\/a-fazenda\/a-fazenda-17\/peoes\/creo-kellab\" target=\"_self\" rel=\"nofollow noopener\" title=\"https:\/\/record.r7.com\/a-fazenda\/a-fazenda-17\/peoes\/creo-kellab\"><b>Cr\u00e9o [Kellab]<\/b><\/a> mandou um v\u00eddeo emocionante\u201d. <\/p>\n<p class=\"jarvics:base-text-neutral-high-400 base-text-[calc(theme(fontSize.xs)_*_var(--font-size,_1))] base-font-normal base-font-primary base-text-neutral-low-500 base-text-left\">Selfie perguntou como foi a primeira madrugada fora do confinamento e Toninho brincou; \u201cNasci de novo\u201d. <\/p>\n<p class=\"jarvics:base-text-neutral-high-400 base-text-[calc(theme(fontSize.xs)_*_var(--font-size,_1))] base-font-normal base-font-primary base-text-neutral-low-500 base-text-left\">Refletindo sobre as estrat\u00e9gias mirabolantes que participou na competi\u00e7\u00e3o, o humorista definiu: \u201cQue jogo louco\u201d. Al\u00e9m disso, definiu <a href=\"https:\/\/record.r7.com\/a-fazenda\/a-fazenda-17\/peoes\/dudu-camargo\" target=\"_self\" rel=\"nofollow noopener\" title=\"https:\/\/record.r7.com\/a-fazenda\/a-fazenda-17\/peoes\/dudu-camargo\"><b>Dudu Camargo<\/b><\/a> e <a href=\"https:\/\/record.r7.com\/a-fazenda\/a-fazenda-17\/peoes\/carol-lekker\" target=\"_self\" rel=\"nofollow noopener\" title=\"https:\/\/record.r7.com\/a-fazenda\/a-fazenda-17\/peoes\/carol-lekker\"><b>Carol Lekker<\/b><\/a> como maiores jogadores da temporada. <\/p>\n<p class=\"jarvics:base-text-neutral-high-400 base-text-[calc(theme(fontSize.xs)_*_var(--font-size,_1))] base-font-normal base-font-primary base-text-neutral-low-500 base-text-left\">Sobre os pe\u00f5es que seguem na competi\u00e7\u00e3o, Toninho desceu a lenha em Fabiano Moraes: \u201cEst\u00e1 perdido at\u00e9 hoje\u201d. Ele tamb\u00e9m relembrou a cria\u00e7\u00e3o do Grupo Domin\u00f3 e contou que o publicit\u00e1rio nunca contribuia nos planos de jogo. <\/p>\n<p class=\"jarvics:base-text-neutral-high-400 base-text-[calc(theme(fontSize.xs)_*_var(--font-size,_1))] base-font-normal base-font-primary base-text-neutral-low-500 base-text-left\">O ex-pe\u00e3o assistiu \u00e0s voltas da Ro\u00e7a em que foi eliminado e opinou sobre a comemora\u00e7\u00e3o do jornalista: \u201cQue vergonha, ele \u00e9 um personagem 24 horas. Choro sem l\u00e1grima\u201d. <\/p>\n<p class=\"jarvics:base-text-neutral-high-400 base-text-[calc(theme(fontSize.xs)_*_var(--font-size,_1))] base-font-normal base-font-primary base-text-neutral-low-500 base-text-left\">Ele tamb\u00e9m reviveu os embates com Dudu e soltou o verbo: \u201cS\u00f3 ele quer falar. Tem medo. Gosta de inventar e aumentar [hist\u00f3rias]\u201d. <\/p>\n<p class=\"jarvics:base-text-neutral-high-400 base-text-[calc(theme(fontSize.xs)_*_var(--font-size,_1))] base-font-normal base-font-primary base-text-neutral-low-500 base-text-left\">Por\u00e9m, o humorista confessou arrependimento por gritar no ouvido do pe\u00e3o e garantiu que fez as pazes com ele antes da <a href=\"https:\/\/record.r7.com\/a-fazenda\/a-fazenda-17\/novidades\/fotos\/recordista-dudu-camargo-vence-prova-do-fazendeiro-pela-quarta-vez-na-temporada-04122025\/\" target=\"_self\" rel=\"nofollow noopener\" title=\"https:\/\/record.r7.com\/a-fazenda\/a-fazenda-17\/novidades\/fotos\/recordista-dudu-camargo-vence-prova-do-fazendeiro-pela-quarta-vez-na-temporada-04122025\/\"><b>pen\u00faltima Prova do Fazendeiro<\/b><\/a>. <\/p>\n<p class=\"jarvics:base-text-neutral-high-400 base-text-[calc(theme(fontSize.xs)_*_var(--font-size,_1))] base-font-normal base-font-primary base-text-neutral-low-500 base-text-left\">A jogada arriscada do Grupo Domin\u00f3 de se colocar na berlinda entrou em pauta e o humorista opinou sobre a estrat\u00e9gia: \u201cFoi loucura, ningu\u00e9m fez isso\u201d. <\/p>\n<p class=\"jarvics:base-text-neutral-high-400 base-text-[calc(theme(fontSize.xs)_*_var(--font-size,_1))] base-font-normal base-font-primary base-text-neutral-low-500 base-text-left\">Toninho participou da din\u00e2mica Acelera Betano e mostrou que as respostas estavam na ponta da l\u00edngua. Para ele, Fabiano est\u00e1 devagar demais no jogo; <a href=\"https:\/\/record.r7.com\/a-fazenda\/a-fazenda-17\/peoes\/saory-cardoso\" target=\"_self\" rel=\"nofollow noopener\" title=\"https:\/\/record.r7.com\/a-fazenda\/a-fazenda-17\/peoes\/saory-cardoso\"><b>Saory Cardoso<\/b><\/a> vai dar de cara no mudo ap\u00f3s a competi\u00e7\u00e3o; Dudu passa por cima de qualquer um para se dar bem; e <a href=\"https:\/\/record.r7.com\/a-fazenda\/a-fazenda-17\/peoes\/duda-wendling\" target=\"_self\" rel=\"nofollow noopener\" title=\"https:\/\/record.r7.com\/a-fazenda\/a-fazenda-17\/peoes\/duda-wendling\"><b>Duda Wendling<\/b><\/a> ser\u00e1 a grande vencedora. <\/p>\n<p class=\"jarvics:base-text-neutral-high-400 base-text-[calc(theme(fontSize.xs)_*_var(--font-size,_1))] base-font-normal base-font-primary base-text-neutral-low-500 base-text-left\">Por\u00e9m, acredita que a vit\u00f3ria da ex-atriz mirim n\u00e3o seria justa: \u201cApareceu agora [no jogo] por causa de uma expuls\u00e3o\u201d. <\/p>\n<p class=\"jarvics:base-text-neutral-high-400 base-text-[calc(theme(fontSize.xs)_*_var(--font-size,_1))] base-font-normal base-font-primary base-text-neutral-low-500 base-text-left\">Ser\u00e1 que a previs\u00e3o do humorista vai se concretizar?<\/p>\n<p class=\"jarvics:base-text-neutral-high-400 base-text-[calc(theme(fontSize.xs)_*_var(--font-size,_1))] base-font-normal base-font-primary base-text-neutral-low-500 base-text-left\">O humorista tamb\u00e9m reviveu o momento da expuls\u00e3o de Cr\u00e9o e abriu o cora\u00e7\u00e3o: \u201cQue clim\u00e3o, foi um dia horr\u00edvel. Perdi o \u00fanico cara que eu podia confiar\u201d. <\/p>\n<p><img decoding=\"async\" data-chromatic=\"ignore\" alt=\"\" class=\"c-image\" loading=\"lazy\" src=\"https:\/\/www.europesays.com\/pt\/wp-content\/uploads\/2025\/12\/GMZERMVSGZAJ3CH3P7RZRPILGE.png\"  width=\"677\" height=\"339\"\/>Toninho caiu no choro com a mensagem de Cr\u00e9o Reprodu\u00e7\u00e3o\/YouTube <\/p>\n<p class=\"jarvics:base-text-neutral-high-400 base-text-[calc(theme(fontSize.xs)_*_var(--font-size,_1))] base-font-normal base-font-primary base-text-neutral-low-500 base-text-left\">Ele recebeu uma mensagem em v\u00eddeo do ator e se emocionou com as palavras do amigo. \u201cEsse cara foi verdadeiro\u201d, desabafou o humorista. <\/p>\n<p class=\"jarvics:base-text-neutral-high-400 base-text-[calc(theme(fontSize.xs)_*_var(--font-size,_1))] base-font-normal base-font-primary base-text-neutral-low-500 base-text-left\">Depois disso, o ex-pe\u00e3o partiu para a din\u00e2mica das plaquinhas e n\u00e3o economizou nos apontamentos para Dudu, Duda, Saory e Fabiano. <\/p>\n<p><b>Confira: <\/b><\/p>\n<p class=\"jarvics:base-text-neutral-high-400 base-text-[calc(theme(fontSize.xs)_*_var(--font-size,_1))] base-font-normal base-font-primary base-text-neutral-low-500 base-text-left\">Fique ligado! <a href=\"https:\/\/record.r7.com\/a-fazenda\/a-fazenda-17\/\" rel=\"nofollow noopener\" title=\"https:\/\/record.r7.com\/a-fazenda\/a-fazenda-17\/\" target=\"_blank\"><b>A Fazenda 17<\/b><\/a> vai ao ar de segunda a domingo, \u00e0s 22h30, na tela da <a href=\"https:\/\/record.r7.com\/\" rel=\"nofollow noopener\" target=\"_blank\"><b>RECORD<\/b><\/a>. Assine o <a href=\"https:\/\/www.recordplus.com\/home\" rel=\"nofollow noopener\" title=\"https:\/\/www.recordplus.com\/home\" target=\"_blank\"><b>RecordPlus<\/b><\/a> e tenha acesso \u00e0s c\u00e2meras 24 horas.<\/p>\n<p><b>Calma, calabreso! Relembre a trajet\u00f3ria de Toninho Tornado em A Fazenda 17<\/b><\/p>\n<p class=\"jarvics:base-text-neutral-high-400 base-text-[calc(theme(fontSize.xxs)_*_var(--font-size,_1))] base-font-semibold base-font-primary base-text-neutral-low-500 base-text-left\">As cortinas de A Fazenda 17 se fecharam para Toninho Tornado. Dos palcos de stand up para Itapecerica das Chamas, o humorista garantiu boas doses de risada na sede. Contudo, tamb\u00e9m criou desafetos e participou de movimenta\u00e7\u00f5es arriscadas no jogo; relembre a passagem dele no reality<\/p>\n","protected":false},"excerpt":{"rendered":"Voc\u00ea torceu por Toninho na competi\u00e7\u00e3o? Reprodu\u00e7\u00e3o\/YouTube O show de com\u00e9dia rural de Toninho Tornado chegou ao fim.&hellip;\n","protected":false},"author":2,"featured_media":185912,"comment_status":"","ping_status":"","sticky":false,"template":"","format":"standard","meta":{"footnotes":""},"categories":[145],"tags":[657,211,210,114,115,34108,16778,32,33,27427],"class_list":{"0":"post-185911","1":"post","2":"type-post","3":"status-publish","4":"format-standard","5":"has-post-thumbnail","7":"category-celebridades","8":"tag-a-fazenda","9":"tag-celebridades","10":"tag-celebrities","11":"tag-entertainment","12":"tag-entretenimento","13":"tag-live-do-eliminado","14":"tag-lucas-selfie","15":"tag-portugal","16":"tag-pt","17":"tag-toninho-tornado"},"share_on_mastodon":{"url":"https:\/\/pubeurope.com\/@pt\/115708617527784260","error":""},"_links":{"self":[{"href":"https:\/\/www.europesays.com\/pt\/wp-json\/wp\/v2\/posts\/185911","targetHints":{"allow":["GET"]}}],"collection":[{"href":"https:\/\/www.europesays.com\/pt\/wp-json\/wp\/v2\/posts"}],"about":[{"href":"https:\/\/www.europesays.com\/pt\/wp-json\/wp\/v2\/types\/post"}],"author":[{"embeddable":true,"href":"https:\/\/www.europesays.com\/pt\/wp-json\/wp\/v2\/users\/2"}],"replies":[{"embeddable":true,"href":"https:\/\/www.europesays.com\/pt\/wp-json\/wp\/v2\/comments?post=185911"}],"version-history":[{"count":0,"href":"https:\/\/www.europesays.com\/pt\/wp-json\/wp\/v2\/posts\/185911\/revisions"}],"wp:featuredmedia":[{"embeddable":true,"href":"https:\/\/www.europesays.com\/pt\/wp-json\/wp\/v2\/media\/185912"}],"wp:attachment":[{"href":"https:\/\/www.europesays.com\/pt\/wp-json\/wp\/v2\/media?parent=185911"}],"wp:term":[{"taxonomy":"category","embeddable":true,"href":"https:\/\/www.europesays.com\/pt\/wp-json\/wp\/v2\/categories?post=185911"},{"taxonomy":"post_tag","embeddable":true,"href":"https:\/\/www.europesays.com\/pt\/wp-json\/wp\/v2\/tags?post=185911"}],"curies":[{"name":"wp","href":"https:\/\/api.w.org\/{rel}","templated":true}]}}