{"id":185919,"date":"2025-12-12T21:17:41","date_gmt":"2025-12-12T21:17:41","guid":{"rendered":"https:\/\/www.europesays.com\/pt\/185919\/"},"modified":"2025-12-12T21:17:41","modified_gmt":"2025-12-12T21:17:41","slug":"encontrado-cranio-humano-em-forma-de-cubo-no-mexico-e-sinal-de-camaradagem","status":"publish","type":"post","link":"https:\/\/www.europesays.com\/pt\/185919\/","title":{"rendered":"Encontrado cr\u00e2nio humano em forma de cubo no M\u00e9xico. \u00c9 sinal de camaradagem"},"content":{"rendered":"<p class=\"wp-caption-text top\">Archivo T\u00e9cnico de la Secci\u00f3n de Arqueolog\u00eda del Centro INAH Tamaulipas<\/p>\n<p><img decoding=\"async\" loading=\"lazy\" class=\"wp-image-716049 size-kopa-image-size-3\" src=\"https:\/\/www.europesays.com\/pt\/wp-content\/uploads\/2025\/12\/8892acd74742be7935f690d90c604588-783x450.png\" alt=\"\" width=\"700\" height=\"402\"  \/><\/p>\n<p><strong>Formato da cabe\u00e7a intencionalmente deformada nunca tinha sido visto na regi\u00e3o. Sugere afinidades simb\u00f3licas e partilhas culturais entre regi\u00f5es mesoamericanas.<\/strong><\/p>\n<p>O cr\u00e2nio de um homem com mais de 40 anos, que nasceu, viveu e morreu no mesmo local entre 1600 e 1000 anos atr\u00e1s, foi encontrado na Zona Arqueol\u00f3gica Balc\u00f3n de Montezuma, no norte da Huasteca de Tamaulipas. Mas este cr\u00e2nio n\u00e3o \u00e9 s\u00f3 mais um: \u00e9 um aut\u00eantico quebra-cabe\u00e7as.<\/p>\n<p>Isto porque o indiv\u00edduo de Sierra Madre Oriental apresenta uma deforma\u00e7\u00e3o craniana com uma variante rar\u00edssima: a deforma\u00e7\u00e3o, intencional, confere ao cr\u00e2nio um aspeto quase c\u00fabico. A pr\u00e1tica ser\u00e1 in\u00e9dita naquela regi\u00e3o serrana.<\/p>\n<p class=\"wp-caption-text top\"><a href=\"https:\/\/www.inah.gob.mx\/boletines\/especialistas-del-inah-revelan-practica-de-deformacion-craneal-inedita-en-la-huasteca\" rel=\"nofollow external noopener noreferrer\" data-wpel-link=\"external\" target=\"_blank\" class=\"ext-link\">INAH\/Technical Archive of the Physical Anthropology Section of CINAH Tamaulipas<\/a><\/p>\n<p><img decoding=\"async\" loading=\"lazy\" class=\"size-full wp-image-716047\" src=\"https:\/\/www.europesays.com\/pt\/wp-content\/uploads\/2025\/12\/b5ad59e2ab12a2f3b566c82112c068aa-800x308.jpg\" alt=\"\" width=\"800\" height=\"308\"  \/><\/p>\n<p>\u201cO tipo registado para Balc\u00f3n de Montezuma \u00e9 tabular ereto, mas tem um plano superior que n\u00e3o tinha sido visto antes em restos \u00f3sseos recuperados na Huasteca. Ao contr\u00e1rio de outros tipos que s\u00e3o comuns, esta forma \u00e9 tabular superior ou paralelep\u00edpeda, assim chamada por alguns especialistas devido ao aspeto de poliedro que provoca no cr\u00e2nio, onde o plano compressor est\u00e1 entre o lambda sobre o \u00e2ngulo occipital at\u00e9 a sutura sagital nos parietais, o que faz com que a cabe\u00e7a apresente uma forma mais quadrada, ao contr\u00e1rio da forma c\u00f3nica\u201d, explica o antrop\u00f3logo f\u00edsico <strong>Jes\u00fas Ernesto Velasco Gonz\u00e1lez<\/strong>, respons\u00e1vel pela an\u00e1lise dos restos humanos, em <a href=\"https:\/\/www.inah.gob.mx\/boletines\/especialistas-del-inah-revelan-practica-de-deformacion-craneal-inedita-en-la-huasteca\" data-wpel-link=\"external\" target=\"_blank\" rel=\"nofollow external noopener noreferrer\" class=\"ext-link\">comunicado<\/a> do Instituto Nacional de Antropolog\u00eda e Historia (INAH).<\/p>\n<p>Este tipo particular de deforma\u00e7\u00e3o j\u00e1 tinha sido registado no s\u00edtio de El Zapotal, no estado de Veracruz, aponta o investigador, e mais recentemente em \u00e1reas da regi\u00e3o maia. No entanto, as variantes n\u00e3o s\u00e3o id\u00eanticas: em El Zapotal, por exemplo, a frente tende a aplanar-se mais e a projetar maior altura, enquanto em Balc\u00f3n de Montezuma o perfil superior \u00e9 mais baixo.<\/p>\n<p>Mas de facto h\u00e1 semelhan\u00e7as. Por isso, a equipa procurou perceber se a pr\u00e1tica resultaria de migra\u00e7\u00f5es ou contactos diretos com popula\u00e7\u00f5es de El Zapotal ou de outras regi\u00f5es do sudeste mexicano.<\/p>\n<p>Foram realizados estudos de is\u00f3topos est\u00e1veis de oxig\u00e9nio em colag\u00e9nio e bioapatite de osso e dente de um segundo indiv\u00edduo. Os resultados indicam que este tamb\u00e9m nasceu, viveu e morreu na pr\u00f3pria regi\u00e3o serrana: estava assim afastada a hip\u00f3tese de uma mobilidade direta vinda de Veracruz ou de zonas mais a sul.<\/p>\n<p>Apesar de afastar a explica\u00e7\u00e3o migrat\u00f3ria, a descoberta mant\u00e9m um forte peso cultural. A deforma\u00e7\u00e3o craniana intencional era uma <strong>pr\u00e1tica corporal comum<\/strong> em toda a Mesoam\u00e9rica, associada a identidades, estatuto e perten\u00e7as comunit\u00e1rias. Diferentes formas obtinham-se atrav\u00e9s de aparelhos espec\u00edficos, como t\u00e1buas e ligaduras, cofias ou cunas, aplicados nos primeiros anos de vida. A forma final do cr\u00e2nio condicionava a apar\u00eancia da pessoa e articulava-se com o uso de toucados e adornos, refor\u00e7ando distin\u00e7\u00f5es visuais entre grupos.<\/p>\n<p>Na costa do Golfo do M\u00e9xico, do Yucat\u00e1n at\u00e9 \u00e0 Florida, este tipo de modifica\u00e7\u00e3o craniana foi durante muito tempo considerado um indicador de rela\u00e7\u00f5es e contactos entre povos pr\u00e9-colombianos. A presen\u00e7a da variante tabular superior em Balc\u00f3n de Montezuma sugere <strong>afinidades simb\u00f3licas e partilhas culturais<\/strong> com outras regi\u00f5es mesoamericanas, mesmo na aus\u00eancia de movimentos populacionais diretos, durante o per\u00edodo Cl\u00e1ssico mesoamericano (400\u2013900 d.C.).<\/p>\n<p>    <a href=\"https:\/\/zap.aeiou.pt\/subscrever-newsletter\" data-wpel-link=\"internal\" rel=\"nofollow noopener\" target=\"_blank\">&#13;<br \/>\n        <img loading=\"lazy\" decoding=\"async\" class=\"aligncenter size-full wp-image-575475\" src=\"https:\/\/www.europesays.com\/pt\/wp-content\/uploads\/2025\/12\/1765389371_545_2d51fe4a0ba54894421ead1809309ed9-1-450x140.jpg\" alt=\"Subscreva a Newsletter ZAP\" width=\"450\" height=\"140\"\/>&#13;<br \/>\n    <\/a><\/p>\n<p>                <a href=\"https:\/\/whatsapp.com\/channel\/0029VaIC4EE2f3EJZPPSbR34\" data-wpel-link=\"external\" target=\"_blank\" rel=\"nofollow external noopener noreferrer\" class=\"ext-link\">&#13;<br \/>\n                    <img loading=\"lazy\" decoding=\"async\" class=\"aligncenter size-full wp-image-575475\" src=\"https:\/\/www.europesays.com\/pt\/wp-content\/uploads\/2025\/12\/1765389371_770_c68c559d956d4ca20f435ed74a6e71e6.png\" alt=\"Siga-nos no WhatsApp\" width=\"175\" height=\"64\"\/>&#13;<br \/>\n                <\/a><\/p>\n<p>                <a href=\"https:\/\/news.google.com\/publications\/CAAiEHRwZondIV71PDjWNoqMduEqFAgKIhB0cGaJ3SFe9Tw41jaKjHbh?hl=en-US&amp;gl=US&amp;ceid=US%3Aen\" data-wpel-link=\"external\" target=\"_blank\" rel=\"nofollow external noopener noreferrer\" class=\"ext-link\">&#13;<br \/>\n                    <img loading=\"lazy\" decoding=\"async\" class=\"aligncenter size-full wp-image-575475\" src=\"https:\/\/www.europesays.com\/pt\/wp-content\/uploads\/2025\/12\/1765389372_556_5123dd8b087b644fdb8f8603acd1bad4.png\" alt=\"Siga-nos no Google News\" width=\"176\" height=\"64\"\/>&#13;<br \/>\n                <\/a><\/p>\n","protected":false},"excerpt":{"rendered":"Archivo T\u00e9cnico de la Secci\u00f3n de Arqueolog\u00eda del Centro INAH Tamaulipas Formato da cabe\u00e7a intencionalmente deformada nunca tinha&hellip;\n","protected":false},"author":2,"featured_media":185920,"comment_status":"","ping_status":"","sticky":false,"template":"","format":"standard","meta":{"footnotes":""},"categories":[50],"tags":[3440,3504,27,28,315,15,16,14,25,26,21,22,1872,62,12,13,19,20,23,24,17,18,29,30,31,63,64,65],"class_list":{"0":"post-185919","1":"post","2":"type-post","3":"status-publish","4":"format-standard","5":"has-post-thumbnail","7":"category-mundo","8":"tag-antropologia","9":"tag-arqueologia","10":"tag-breaking-news","11":"tag-breakingnews","12":"tag-cultura","13":"tag-featured-news","14":"tag-featurednews","15":"tag-headlines","16":"tag-latest-news","17":"tag-latestnews","18":"tag-main-news","19":"tag-mainnews","20":"tag-mexico","21":"tag-mundo","22":"tag-news","23":"tag-noticias","24":"tag-noticias-principais","25":"tag-noticiasprincipais","26":"tag-principais-noticias","27":"tag-principaisnoticias","28":"tag-top-stories","29":"tag-topstories","30":"tag-ultimas","31":"tag-ultimas-noticias","32":"tag-ultimasnoticias","33":"tag-world","34":"tag-world-news","35":"tag-worldnews"},"share_on_mastodon":{"url":"https:\/\/pubeurope.com\/@pt\/115708680656400624","error":""},"_links":{"self":[{"href":"https:\/\/www.europesays.com\/pt\/wp-json\/wp\/v2\/posts\/185919","targetHints":{"allow":["GET"]}}],"collection":[{"href":"https:\/\/www.europesays.com\/pt\/wp-json\/wp\/v2\/posts"}],"about":[{"href":"https:\/\/www.europesays.com\/pt\/wp-json\/wp\/v2\/types\/post"}],"author":[{"embeddable":true,"href":"https:\/\/www.europesays.com\/pt\/wp-json\/wp\/v2\/users\/2"}],"replies":[{"embeddable":true,"href":"https:\/\/www.europesays.com\/pt\/wp-json\/wp\/v2\/comments?post=185919"}],"version-history":[{"count":0,"href":"https:\/\/www.europesays.com\/pt\/wp-json\/wp\/v2\/posts\/185919\/revisions"}],"wp:featuredmedia":[{"embeddable":true,"href":"https:\/\/www.europesays.com\/pt\/wp-json\/wp\/v2\/media\/185920"}],"wp:attachment":[{"href":"https:\/\/www.europesays.com\/pt\/wp-json\/wp\/v2\/media?parent=185919"}],"wp:term":[{"taxonomy":"category","embeddable":true,"href":"https:\/\/www.europesays.com\/pt\/wp-json\/wp\/v2\/categories?post=185919"},{"taxonomy":"post_tag","embeddable":true,"href":"https:\/\/www.europesays.com\/pt\/wp-json\/wp\/v2\/tags?post=185919"}],"curies":[{"name":"wp","href":"https:\/\/api.w.org\/{rel}","templated":true}]}}