{"id":185921,"date":"2025-12-12T21:18:19","date_gmt":"2025-12-12T21:18:19","guid":{"rendered":"https:\/\/www.europesays.com\/pt\/185921\/"},"modified":"2025-12-12T21:18:19","modified_gmt":"2025-12-12T21:18:19","slug":"policias-de-mota-param-transito-e-travam-fuga-a-alta-velocidade-de-assaltantes","status":"publish","type":"post","link":"https:\/\/www.europesays.com\/pt\/185921\/","title":{"rendered":"Pol\u00edcias de mota param tr\u00e2nsito e travam fuga a alta velocidade de assaltantes"},"content":{"rendered":"<p data-remotead-prev-elm=\"true\" data-remotead-elm-id=\"inread\">Ao in\u00edcio da tarde desta sexta-feira, pol\u00edcias da Divis\u00e3o de Tr\u00e2nsito da PSP deram ordem de paragem a um ve\u00edculo na rua de Fetais, em Loures. O condutor desobedeceu, acelerou e tentou escapar aos pol\u00edcias.<\/p>\n<p>Pol\u00edcias da Esquadra de Motociclistas iniciaram o seguimento do ve\u00edculo em fuga, com a devida dist\u00e2ncia de seguran\u00e7a e sinalizando a desloca\u00e7\u00e3o, com sinais sonoros e luminosos, para alertar os restantes utentes da via. O condutor em fuga &#8220;efetuou uma condu\u00e7\u00e3o perigosa durante todo o trajeto, com manobras perigosas e circula\u00e7\u00e3o em sentido oposto ao legalmente estabelecido em v\u00e1rias art\u00e9rias, colocando em perigo os demais utentes da via&#8221;, descreve a PSP, em comunicado.<\/p>\n<p>Um dos pol\u00edcias conseguiu ultrapassar a viatura em fuga e, antecipando a sua passagem, deu ordem de paragem aos ve\u00edculos que seguiam nos dois sentidos, imobilizando totalmente o tr\u00e2nsito. Assim, conseguiu tapar o percurso dos fugitivos e for\u00e7ou a imobiliza\u00e7\u00e3o da viatura.<\/p>\n<p data-remotead-prev-elm=\"true\" data-remotead-elm-id=\"centro1\">Dois dos ocupantes abandonaram o carro e seguiram em fuga apeada. Um terceiro ocupante ficou no interior do ve\u00edculo. Os pol\u00edcias foram no encal\u00e7o dos suspeitos e conseguiram intercetar o condutor na Estrada Militar, ap\u00f3s ter causado danos no tejadilho e p\u00e1ra-brisas de uma viatura que se encontrava estacionada. O outro ocupante tamb\u00e9m foi intercetado.<\/p>\n<p>No interior do ve\u00edculo furtado foram encontrados dez jerricans vazios, de aproximadamente 25 litros, uma mangueira com cerca de dois metros, um gorro, luvas e algumas ferramentas, &#8220;material que suscitou suspeitas de ser utilizado para outro tipo de il\u00edcitos, tendo sido cautelarmente apreendido&#8221;, frisa a PSP.<\/p>\n<p>Aos dois suspeitos foi dada voz de deten\u00e7\u00e3o, tendo sido conduzidos \u00e0s instala\u00e7\u00f5es da Divis\u00e3o de Tr\u00e2nsito para elabora\u00e7\u00e3o do respetivo expediente, tendo sido notificados para comparecer no Tribunal de Pequena Inst\u00e2ncia Criminal de Lisboa.<\/p>\n","protected":false},"excerpt":{"rendered":"Ao in\u00edcio da tarde desta sexta-feira, pol\u00edcias da Divis\u00e3o de Tr\u00e2nsito da PSP deram ordem de paragem a&hellip;\n","protected":false},"author":2,"featured_media":185922,"comment_status":"","ping_status":"","sticky":false,"template":"","format":"standard","meta":{"footnotes":""},"categories":[10],"tags":[27,28,15,16,14,603,25,26,2432,21,22,6778,12,13,19,20,32,23,24,1306,33,17,18,29,30,31],"class_list":{"0":"post-185921","1":"post","2":"type-post","3":"status-publish","4":"format-standard","5":"has-post-thumbnail","7":"category-portugal","8":"tag-breaking-news","9":"tag-breakingnews","10":"tag-featured-news","11":"tag-featurednews","12":"tag-headlines","13":"tag-justica","14":"tag-latest-news","15":"tag-latestnews","16":"tag-loures","17":"tag-main-news","18":"tag-mainnews","19":"tag-moto","20":"tag-news","21":"tag-noticias","22":"tag-noticias-principais","23":"tag-noticiasprincipais","24":"tag-portugal","25":"tag-principais-noticias","26":"tag-principaisnoticias","27":"tag-psp","28":"tag-pt","29":"tag-top-stories","30":"tag-topstories","31":"tag-ultimas","32":"tag-ultimas-noticias","33":"tag-ultimasnoticias"},"share_on_mastodon":{"url":"https:\/\/pubeurope.com\/@pt\/115708684090546073","error":""},"_links":{"self":[{"href":"https:\/\/www.europesays.com\/pt\/wp-json\/wp\/v2\/posts\/185921","targetHints":{"allow":["GET"]}}],"collection":[{"href":"https:\/\/www.europesays.com\/pt\/wp-json\/wp\/v2\/posts"}],"about":[{"href":"https:\/\/www.europesays.com\/pt\/wp-json\/wp\/v2\/types\/post"}],"author":[{"embeddable":true,"href":"https:\/\/www.europesays.com\/pt\/wp-json\/wp\/v2\/users\/2"}],"replies":[{"embeddable":true,"href":"https:\/\/www.europesays.com\/pt\/wp-json\/wp\/v2\/comments?post=185921"}],"version-history":[{"count":0,"href":"https:\/\/www.europesays.com\/pt\/wp-json\/wp\/v2\/posts\/185921\/revisions"}],"wp:featuredmedia":[{"embeddable":true,"href":"https:\/\/www.europesays.com\/pt\/wp-json\/wp\/v2\/media\/185922"}],"wp:attachment":[{"href":"https:\/\/www.europesays.com\/pt\/wp-json\/wp\/v2\/media?parent=185921"}],"wp:term":[{"taxonomy":"category","embeddable":true,"href":"https:\/\/www.europesays.com\/pt\/wp-json\/wp\/v2\/categories?post=185921"},{"taxonomy":"post_tag","embeddable":true,"href":"https:\/\/www.europesays.com\/pt\/wp-json\/wp\/v2\/tags?post=185921"}],"curies":[{"name":"wp","href":"https:\/\/api.w.org\/{rel}","templated":true}]}}