{"id":185923,"date":"2025-12-12T21:20:41","date_gmt":"2025-12-12T21:20:41","guid":{"rendered":"https:\/\/www.europesays.com\/pt\/185923\/"},"modified":"2025-12-12T21:20:41","modified_gmt":"2025-12-12T21:20:41","slug":"porto-canal-abandona-a-senhora-da-hora-e-prepara-nova-era-a-partir-do-dragao","status":"publish","type":"post","link":"https:\/\/www.europesays.com\/pt\/185923\/","title":{"rendered":"Porto Canal abandona a Senhora da Hora e prepara nova era a partir do Drag\u00e3o"},"content":{"rendered":"<p data-remotead-prev-elm=\"true\" data-remotead-elm-id=\"inread\">O Porto Canal entrou na reta final da maior transforma\u00e7\u00e3o desde que foi criado. Com a nova licen\u00e7a, passa a ter a tipologia de canal tem\u00e1tico especializado em desporto, focado no universo do F. C. Porto. Deixa para tr\u00e1s o modelo generalista que manteve desde 2006. A delibera\u00e7\u00e3o da Entidade Reguladora para a Comunica\u00e7\u00e3o Social (ERC), datada de 26 de novembro, confirma a mudan\u00e7a &#8220;nos termos requeridos&#8221; e redefine o futuro da esta\u00e7\u00e3o.<\/p>\n<p>No pedido entregue ao regulador, o canal reconhece que manter um projeto generalista no Norte tem sido cada vez mais dif\u00edcil. As audi\u00eancias, a press\u00e3o da concorr\u00eancia e a quebra de receitas fragilizaram a sustentabilidade, levando a que a altera\u00e7\u00e3o surgisse como \u00fanica solu\u00e7\u00e3o para garantir continuidade.<\/p>\n<p>Fonte oficial do F. C. Porto confirmou ao JN que todas as opera\u00e7\u00f5es do Porto Canal passam agora a estar em definitivo concentradas no Est\u00e1dio do Drag\u00e3o, concluindo a sa\u00edda gradual das instala\u00e7\u00f5es da Senhora da Hora, onde a esta\u00e7\u00e3o nasceu e esteve quase duas d\u00e9cadas. A centraliza\u00e7\u00e3o marca um ajustamento profundo na organiza\u00e7\u00e3o interna e no quotidiano das equipas.<\/p>\n<p>Nova grelha em janeiro<\/p>\n<p data-remotead-prev-elm=\"true\" data-remotead-elm-id=\"centro1\">Embora a licen\u00e7a j\u00e1 tenha sido alterada, o arranque da nova grelha est\u00e1 apontado para janeiro. Ainda n\u00e3o existe defini\u00e7\u00e3o sobre equipas nem sobre o futuro da informa\u00e7\u00e3o, mas a mesma fonte garante que n\u00e3o est\u00e3o, neste momento, em cima da mesa despedimentos. O JN sabe que alguns profissionais j\u00e1 deixaram a esta\u00e7\u00e3o para outros projetos.<\/p>\n<p>Na nova configura\u00e7\u00e3o, o Porto Canal pretende afirmar-se como &#8220;voz oficial e plataforma de refer\u00eancia&#8221; de tudo o que integra o F. C. Porto, assumindo uma cobertura &#8220;360 graus&#8221;: futebol profissional, modalidades amadoras, forma\u00e7\u00e3o, mem\u00f3ria do clube, iniciativas sociais e vida dos adeptos. Um modelo que segue a tend\u00eancia internacional de canais de clubes como Real Madrid, Manchester United ou Juventus.<\/p>\n<p>Linha do tempo<\/p>\n<p><strong>2006 &#8211; Arranque<\/strong><br \/>Nasce a 29 de setembro como canal regional do Norte, com programa\u00e7\u00e3o generalista e foco de proximidade.<\/p>\n<p data-remotead-prev-elm=\"true\" data-remotead-elm-id=\"centro2\"><strong>2011 &#8211; Parceria<\/strong><br \/>O F. C. Porto inicia colabora\u00e7\u00e3o em mar\u00e7o e assume a gest\u00e3o a 1 de agosto. Surgem programas como &#8220;Flash Porto&#8221; e &#8220;Somos Porto&#8221;.<\/p>\n<p><strong>2015 &#8211; Compra<\/strong><br \/>A 17 de julho, o F. C. Porto adquire a totalidade do canal, mantendo a Medialuso como s\u00f3cia minorit\u00e1ria e refor\u00e7ando meios t\u00e9cnicos.<\/p>\n<p><strong>2016 &#8211; Renova\u00e7\u00e3o<\/strong><br \/>Arranca nova fase com emiss\u00e3o em HDTV, mais conte\u00fados pr\u00f3prios e maior presen\u00e7a das modalidades. Em julho, regressa \u00e0 NOS.<\/p>\n<p data-remotead-prev-elm=\"true\" data-remotead-elm-id=\"centro3\"><strong>2017-2022 &#8211; Identidade h\u00edbrida<\/strong><br \/>Canal mant\u00e9m estatuto generalista, mas com crescente presen\u00e7a portista na grelha.<\/p>\n<p><strong>2023-2024 &#8211; Continuidade<\/strong><br \/>Mant\u00e9m o duplo papel: informa\u00e7\u00e3o regional e conte\u00fados ligados ao clube.<\/p>\n<p><strong>2025 &#8211; Viragem<\/strong><br \/>Em outubro, a dire\u00e7\u00e3o pede \u00e0 ERC a transi\u00e7\u00e3o para canal tem\u00e1tico desportivo focado no universo do F. C. Porto.<\/p>\n","protected":false},"excerpt":{"rendered":"O Porto Canal entrou na reta final da maior transforma\u00e7\u00e3o desde que foi criado. Com a nova licen\u00e7a,&hellip;\n","protected":false},"author":2,"featured_media":185924,"comment_status":"","ping_status":"","sticky":false,"template":"","format":"standard","meta":{"footnotes":""},"categories":[8],"tags":[27,28,4098,5807,15,16,14,25,26,21,22,715,12,13,19,20,37785,32,23,24,33,17,18,29,30,31],"class_list":{"0":"post-185923","1":"post","2":"type-post","3":"status-publish","4":"format-standard","5":"has-post-thumbnail","7":"category-principais-noticias","8":"tag-breaking-news","9":"tag-breakingnews","10":"tag-comunicacao-social","11":"tag-estadio-do-dragao","12":"tag-featured-news","13":"tag-featurednews","14":"tag-headlines","15":"tag-latest-news","16":"tag-latestnews","17":"tag-main-news","18":"tag-mainnews","19":"tag-media","20":"tag-news","21":"tag-noticias","22":"tag-noticias-principais","23":"tag-noticiasprincipais","24":"tag-porto-canal","25":"tag-portugal","26":"tag-principais-noticias","27":"tag-principaisnoticias","28":"tag-pt","29":"tag-top-stories","30":"tag-topstories","31":"tag-ultimas","32":"tag-ultimas-noticias","33":"tag-ultimasnoticias"},"share_on_mastodon":{"url":"https:\/\/pubeurope.com\/@pt\/115708692121903410","error":""},"_links":{"self":[{"href":"https:\/\/www.europesays.com\/pt\/wp-json\/wp\/v2\/posts\/185923","targetHints":{"allow":["GET"]}}],"collection":[{"href":"https:\/\/www.europesays.com\/pt\/wp-json\/wp\/v2\/posts"}],"about":[{"href":"https:\/\/www.europesays.com\/pt\/wp-json\/wp\/v2\/types\/post"}],"author":[{"embeddable":true,"href":"https:\/\/www.europesays.com\/pt\/wp-json\/wp\/v2\/users\/2"}],"replies":[{"embeddable":true,"href":"https:\/\/www.europesays.com\/pt\/wp-json\/wp\/v2\/comments?post=185923"}],"version-history":[{"count":0,"href":"https:\/\/www.europesays.com\/pt\/wp-json\/wp\/v2\/posts\/185923\/revisions"}],"wp:featuredmedia":[{"embeddable":true,"href":"https:\/\/www.europesays.com\/pt\/wp-json\/wp\/v2\/media\/185924"}],"wp:attachment":[{"href":"https:\/\/www.europesays.com\/pt\/wp-json\/wp\/v2\/media?parent=185923"}],"wp:term":[{"taxonomy":"category","embeddable":true,"href":"https:\/\/www.europesays.com\/pt\/wp-json\/wp\/v2\/categories?post=185923"},{"taxonomy":"post_tag","embeddable":true,"href":"https:\/\/www.europesays.com\/pt\/wp-json\/wp\/v2\/tags?post=185923"}],"curies":[{"name":"wp","href":"https:\/\/api.w.org\/{rel}","templated":true}]}}