{"id":185927,"date":"2025-12-12T21:24:10","date_gmt":"2025-12-12T21:24:10","guid":{"rendered":"https:\/\/www.europesays.com\/pt\/185927\/"},"modified":"2025-12-12T21:24:10","modified_gmt":"2025-12-12T21:24:10","slug":"destino-desvendado-ja-se-sabe-para-onde-viajou-cristina-ferreira-com-o-filho-e-as-duas-avos-secret-story","status":"publish","type":"post","link":"https:\/\/www.europesays.com\/pt\/185927\/","title":{"rendered":"Destino desvendado: J\u00e1 se sabe para onde viajou Cristina Ferreira com o filho e as duas av\u00f3s &#8211; Secret Story"},"content":{"rendered":"<p data-end=\"398\" data-start=\"119\">Cristina Ferreira <a href=\"https:\/\/tvi.iol.pt\/secretstory\/cristina-ferreira\/tradicao\/esta-e-a-tradicao-de-natal-que-cristina-ferreira-cumpre-todos-os-anos-e-vai-emociona-lo\" rel=\"nofollow noopener\" target=\"_blank\">voltou a cumprir uma tradi\u00e7\u00e3o que mant\u00e9m h\u00e1 v\u00e1rios anos e aproveitou o fim de semana para viajar na companhia do filho, Tiago, da m\u00e3e e da ex-sogra<\/a> reunindo, assim, as duas av\u00f3s do jovem naquela que a apresentadora apelida carinhosamente de <strong>\u00abviagem das av\u00f3s\u00bb<\/strong>.<\/p>\n<p data-end=\"821\" data-start=\"400\">A escapadinha foi inicialmente revelada esta sexta-feira atrav\u00e9s das redes sociais, com a partilha de uma imagem captada no interior de um avi\u00e3o. Na legenda, Cristina escreveu apenas: \u00abE come\u00e7a agora a viagem das av\u00f3s 2025\u00bb, optando por n\u00e3o divulgar, na altura, o destino escolhido. Sabe-se, no entanto, que a viagem ser\u00e1 curta, uma vez que a apresentadora regressa j\u00e1 no domingo para conduzir a gala do Secret Story 9.<\/p>\n<p data-end=\"1144\" data-start=\"823\">Mais tarde, Cristina Ferreira acabou por levantar o v\u00e9u e revelar o local da viagem numa nova publica\u00e7\u00e3o no Instagram. <strong>\u00abA tradi\u00e7\u00e3o aterrou perto de Londres\u00bb<\/strong>, escreveu, explicando que a escolha recaiu sobre uma zona rural associada a Winston Churchill e frequentada pela rainha, situada nos arredores da capital brit\u00e2nica.<\/p>\n<blockquote class=\"instagram-media\" data-instgrm-captioned=\"\" data-instgrm-permalink=\"https:\/\/www.instagram.com\/p\/DSK8KSCDBZp\/?utm_source=ig_embed&amp;utm_campaign=loading\" data-instgrm-version=\"14\" style=\" background:#FFF; border:0; border-radius:3px; box-shadow:0 0 1px 0 rgba(0,0,0,0.5),0 1px 10px 0 rgba(0,0,0,0.15); margin: 1px; max-width:540px; min-width:326px; padding:0; width:99.375%; width:-webkit-calc(100% - 2px); width:calc(100% - 2px);\">\n<\/blockquote>\n<p data-end=\"1442\" data-start=\"1146\">Apesar do frio que se faz sentir, a apresentadora destacou o calor humano vivido desde a chegada, sublinhou os encontros com portugueses no aeroporto e no restaurante onde jantaram. Cristina partilhou ainda hist\u00f3rias desses encontros, e evidenciou a liga\u00e7\u00e3o emocional que se cria longe de casa.<\/p>\n<p data-end=\"1842\" data-start=\"1444\">A publica\u00e7\u00e3o terminou com uma reflex\u00e3o sobre a import\u00e2ncia destas viagens em fam\u00edlia. <strong>\u00abNada \u00e9 mais bonito do que dar amor em forma de mem\u00f3ria\u00bb<\/strong>, escreveu, salientando o papel fundamental que ambas as av\u00f3s continuam a ter na vida do neto, que se aproxima dos 18 anos. <strong>\u00abTodos os anos relembram as outras viagens. E eu lembro-me todos os dias do quanto me ajudam, ainda hoje, a criar o neto\u00bb<\/strong>, concluiu.<\/p>\n<p>                        <script async src=\"\/\/www.instagram.com\/embed.js\"><\/script><\/p>\n","protected":false},"excerpt":{"rendered":"Cristina Ferreira voltou a cumprir uma tradi\u00e7\u00e3o que mant\u00e9m h\u00e1 v\u00e1rios anos e aproveitou o fim de semana&hellip;\n","protected":false},"author":2,"featured_media":185928,"comment_status":"","ping_status":"","sticky":false,"template":"","format":"standard","meta":{"footnotes":""},"categories":[142],"tags":[18706,166,114,115,18705,32,33,151,18704],"class_list":{"0":"post-185927","1":"post","2":"type-post","3":"status-publish","4":"format-standard","5":"has-post-thumbnail","7":"category-tv","8":"tag-bastidores-secret-story","9":"tag-cristina-ferreira","10":"tag-entertainment","11":"tag-entretenimento","12":"tag-entrevistas-concorrentes-tvi","13":"tag-portugal","14":"tag-pt","15":"tag-tv","16":"tag-vida-fora-da-casa"},"share_on_mastodon":{"url":"https:\/\/pubeurope.com\/@pt\/115708707827891621","error":""},"_links":{"self":[{"href":"https:\/\/www.europesays.com\/pt\/wp-json\/wp\/v2\/posts\/185927","targetHints":{"allow":["GET"]}}],"collection":[{"href":"https:\/\/www.europesays.com\/pt\/wp-json\/wp\/v2\/posts"}],"about":[{"href":"https:\/\/www.europesays.com\/pt\/wp-json\/wp\/v2\/types\/post"}],"author":[{"embeddable":true,"href":"https:\/\/www.europesays.com\/pt\/wp-json\/wp\/v2\/users\/2"}],"replies":[{"embeddable":true,"href":"https:\/\/www.europesays.com\/pt\/wp-json\/wp\/v2\/comments?post=185927"}],"version-history":[{"count":0,"href":"https:\/\/www.europesays.com\/pt\/wp-json\/wp\/v2\/posts\/185927\/revisions"}],"wp:featuredmedia":[{"embeddable":true,"href":"https:\/\/www.europesays.com\/pt\/wp-json\/wp\/v2\/media\/185928"}],"wp:attachment":[{"href":"https:\/\/www.europesays.com\/pt\/wp-json\/wp\/v2\/media?parent=185927"}],"wp:term":[{"taxonomy":"category","embeddable":true,"href":"https:\/\/www.europesays.com\/pt\/wp-json\/wp\/v2\/categories?post=185927"},{"taxonomy":"post_tag","embeddable":true,"href":"https:\/\/www.europesays.com\/pt\/wp-json\/wp\/v2\/tags?post=185927"}],"curies":[{"name":"wp","href":"https:\/\/api.w.org\/{rel}","templated":true}]}}