{"id":185958,"date":"2025-12-12T21:53:08","date_gmt":"2025-12-12T21:53:08","guid":{"rendered":"https:\/\/www.europesays.com\/pt\/185958\/"},"modified":"2025-12-12T21:53:08","modified_gmt":"2025-12-12T21:53:08","slug":"estados-unidos-levantam-sancoes-contra-juiz-que-preside-caso-de-bolsonaro","status":"publish","type":"post","link":"https:\/\/www.europesays.com\/pt\/185958\/","title":{"rendered":"Estados Unidos levantam san\u00e7\u00f5es contra juiz que preside caso de Bolsonaro"},"content":{"rendered":"<p>&#13;<br \/>\nO nome de Alexandre de Moraes deixou de constar\u00a0no registo do Escrit\u00f3rio de Controlo de Ativos Estrangeiros do Departamento do Tesouro norte-americano.&#13;\n<\/p>\n<p>&#13;<br \/>\nO levantamento das san\u00e7\u00f5es \u00e9 um sinal da reaproxima\u00e7\u00e3o entre o presidente norte-americano, Donald Trump, e o seu hom\u00f3logo brasileiro, Lula da Silva, ap\u00f3s\u00a0conversas por telefone e depois um encontro a 26 de outubro numa reuni\u00e3o em Kuala Lumpur, na Mal\u00e1sia.&#13;\n<\/p>\n<p>&#13;<br \/>\nA medida coincide ainda com a aprova\u00e7\u00e3o esta quarta-feira de um projeto de lei na C\u00e2mara dos Deputados do Brasil com vista a reduzir a pena de Jair Bolsonaro, de 27 anos de pris\u00e3o para 20 anos, um gesto bem-visto nos Estados Unidos.&#13;\n<\/p>\n<p>&#13;<br \/>\nEm julho, Washington tinha revogado o visto de Alexandre de Moraes, impondo-lhe ainda san\u00e7\u00f5es financeiras, medidas que apareceram depois de o juiz ter\u00a0ordenado uma s\u00e9rie de medidas cautelares no julgamento do ex-presidente brasileiro.&#13;\n<\/p>\n<p>&#13;<br \/>\nA medida do Departamento do Tesouro foi enquadrada na Lei Magnitsky, que autoriza o executivo norte-americano\u00a0a impor san\u00e7\u00f5es a\u00a0cidad\u00e3os estrangeiros envolvidos em atos de corrup\u00e7\u00e3o ou viola\u00e7\u00f5es dos Direitos Humanos.&#13;\n<\/p>\n<p>&#13;<br \/>\nEm retalia\u00e7\u00e3o pelo julgamento de Jair Bolsonaro, seu aliado, o presidente Trump for\u00e7ou ainda mais o castigo ao Brasil aumentando as tarifas sobre as exporta\u00e7\u00f5es brasileiras para 50%.&#13;\n<\/p>\n<p>&#13;<br \/>\nBolsonaro seria condenado, apesar de toda a press\u00e3o que vinha dos EUA, a 27 anos de pris\u00e3o por tentativa de golpe na sequ\u00eancia da vit\u00f3ria eleitoral de Lula da Silva em 2022.&#13;\n<\/p>\n<p>&#13;<br \/>\nEntretanto, numa rea\u00e7\u00e3o a partir de territ\u00f3rio norte-americano, onde se encontra radicado, o filho de Bolsonaro j\u00e1 lamentou a decis\u00e3o: &#8220;Recebemos com pesar a not\u00edcia da mais recente decis\u00e3o anunciada pelo Governo americano. Somos gratos pelo apoio que o presidente Trump demonstrou ao longo dessa trajet\u00f3ria e pela aten\u00e7\u00e3o que dedicou \u00e0 grave crise de liberdades que assola o Brasil&#8221;.&#13;\n<\/p>\n<p>&#13;<br \/>\nNuma mensagem nas redes sociais, Eduardo Bolsonaro, h\u00e1 v\u00e1rios meses a viver nos Estados Unidos para fazer `lobby` por san\u00e7\u00f5es ao seu pr\u00f3prio pa\u00eds numa tentativa de provocar a liberta\u00e7\u00e3o do seu pai, dizem que o Brasil desperdi\u00e7ou uma oportunidade.&#13;\n<\/p>\n<p>&#13;<br \/>\n&#8220;A sociedade brasileira, diante da janela de oportunidade que teve em m\u00e3os, n\u00e3o tenha conseguido construir a unidade pol\u00edtica necess\u00e1ria para enfrentar seus pr\u00f3prios problemas estruturais&#8221;, aponta o filho de Bolsonaro na nota que tamb\u00e9m \u00e9 assinada por Paulo Figueiredo, brasileiro com nacionalidade norte-americana, neto de Jo\u00e3o Figueiredo, \u00faltimo presidente da ditadura militar do Brasil.&#13;\n<\/p>\n<p>&#13;<br \/>\nc\/ Lusa&#13;<\/p>\n","protected":false},"excerpt":{"rendered":"&#13; O nome de Alexandre de Moraes deixou de constar\u00a0no registo do Escrit\u00f3rio de Controlo de Ativos Estrangeiros&hellip;\n","protected":false},"author":2,"featured_media":185959,"comment_status":"","ping_status":"","sticky":false,"template":"","format":"standard","meta":{"footnotes":""},"categories":[50],"tags":[37789,27,28,92,15,16,14,1125,25,26,21,22,62,12,13,19,20,23,24,17,18,29,30,31,63,64,65],"class_list":{"0":"post-185958","1":"post","2":"type-post","3":"status-publish","4":"format-standard","5":"has-post-thumbnail","7":"category-mundo","8":"tag-alexandre-de-morais","9":"tag-breaking-news","10":"tag-breakingnews","11":"tag-donald-trump","12":"tag-featured-news","13":"tag-featurednews","14":"tag-headlines","15":"tag-jair-bolsonaro","16":"tag-latest-news","17":"tag-latestnews","18":"tag-main-news","19":"tag-mainnews","20":"tag-mundo","21":"tag-news","22":"tag-noticias","23":"tag-noticias-principais","24":"tag-noticiasprincipais","25":"tag-principais-noticias","26":"tag-principaisnoticias","27":"tag-top-stories","28":"tag-topstories","29":"tag-ultimas","30":"tag-ultimas-noticias","31":"tag-ultimasnoticias","32":"tag-world","33":"tag-world-news","34":"tag-worldnews"},"share_on_mastodon":{"url":"https:\/\/pubeurope.com\/@pt\/115708821948405277","error":""},"_links":{"self":[{"href":"https:\/\/www.europesays.com\/pt\/wp-json\/wp\/v2\/posts\/185958","targetHints":{"allow":["GET"]}}],"collection":[{"href":"https:\/\/www.europesays.com\/pt\/wp-json\/wp\/v2\/posts"}],"about":[{"href":"https:\/\/www.europesays.com\/pt\/wp-json\/wp\/v2\/types\/post"}],"author":[{"embeddable":true,"href":"https:\/\/www.europesays.com\/pt\/wp-json\/wp\/v2\/users\/2"}],"replies":[{"embeddable":true,"href":"https:\/\/www.europesays.com\/pt\/wp-json\/wp\/v2\/comments?post=185958"}],"version-history":[{"count":0,"href":"https:\/\/www.europesays.com\/pt\/wp-json\/wp\/v2\/posts\/185958\/revisions"}],"wp:featuredmedia":[{"embeddable":true,"href":"https:\/\/www.europesays.com\/pt\/wp-json\/wp\/v2\/media\/185959"}],"wp:attachment":[{"href":"https:\/\/www.europesays.com\/pt\/wp-json\/wp\/v2\/media?parent=185958"}],"wp:term":[{"taxonomy":"category","embeddable":true,"href":"https:\/\/www.europesays.com\/pt\/wp-json\/wp\/v2\/categories?post=185958"},{"taxonomy":"post_tag","embeddable":true,"href":"https:\/\/www.europesays.com\/pt\/wp-json\/wp\/v2\/tags?post=185958"}],"curies":[{"name":"wp","href":"https:\/\/api.w.org\/{rel}","templated":true}]}}