{"id":185962,"date":"2025-12-12T21:56:09","date_gmt":"2025-12-12T21:56:09","guid":{"rendered":"https:\/\/www.europesays.com\/pt\/185962\/"},"modified":"2025-12-12T21:56:09","modified_gmt":"2025-12-12T21:56:09","slug":"timothee-chalamet-se-pronuncia-sobre-as-teorias-de-que-seria-o-rapper-esdeekid","status":"publish","type":"post","link":"https:\/\/www.europesays.com\/pt\/185962\/","title":{"rendered":"Timoth\u00e9e Chalamet se pronuncia sobre as teorias de que seria o rapper EsDeeKid"},"content":{"rendered":"<p class=\"wp-block-yoast-seo-estimated-reading-time yoast-reading-time__wrapper\">Estimated reading time: 2 minutos<\/p>\n<p><a href=\"https:\/\/ovicio.com.br\/tag\/Timothee-Chalamet\/\" target=\"_blank\" rel=\"noreferrer noopener nofollow\">Timoth\u00e9e Chalamet<\/a> est\u00e1 vivendo um grande momento em Hollywood, estrelando produ\u00e7\u00f5es como <strong>Duna<\/strong>, <strong>Um Completo Desconhecido<\/strong> e <strong>Marty Supreme<\/strong>. Mas, no meio de tudo isso, uma teoria intrigante surgiu e ganhou for\u00e7a entre f\u00e3s.<\/p>\n<p>O ator teria uma &#8220;vida dupla&#8221;, sendo a verdadeira identidade do misterioso rapper brit\u00e2nico <strong>EsDeeKid<\/strong>, conhecido por usar um capuz no rosto, al\u00e9m dos hits de sucesso <strong>Phantom<\/strong> e <strong>4 Raws<\/strong>.<\/p>\n<p>E pela primeira vez, durante entrevista ao <strong>Heart Radio<\/strong>, Chalamet se pronunciou.<\/p>\n<p><strong>\u201cN\u00e3o tenho coment\u00e1rios sobre isso,\u201d<\/strong> disse Chalamet, antes de completar: <strong>\u201cNa realidade, tenho duas palavras\u2026 duas palavras\u2026 Tudo ser\u00e1 revelado no devido tempo.\u201d<\/strong><\/p>\n<blockquote class=\"twitter-tweet\">\n<p lang=\"en\" dir=\"ltr\">Timoth\u00e9e Chalamet addresses the rumors that he\u2019s UK rapper EsDeeKid \ud83d\udc40<\/p>\n<p>\u201cI got no comment on that\u2026 All will be revealed in due time.\u201d<a href=\"https:\/\/t.co\/AB2lajF9if\" rel=\"nofollow\">pic.twitter.com\/AB2lajF9if<\/a><\/p>\n<p>\u2014 Complex Music (@ComplexMusic) <a href=\"https:\/\/twitter.com\/ComplexMusic\/status\/1999144714520383735?ref_src=twsrc%5Etfw\" rel=\"nofollow noopener\" target=\"_blank\">December 11, 2025<\/a><\/p>\n<\/blockquote>\n<p>Obviamente, n\u00e3o foram apenas duas palavras, e pode ser uma refer\u00eancia ao momento em que esse mist\u00e9rio ser\u00e1 esclarecido \u2014 EsDeeKid anunciou uma turn\u00ea que passar\u00e1 por <strong>Estados Unidos<\/strong> e <strong>Austr\u00e1lia<\/strong> nos pr\u00f3ximos meses.<\/p>\n<p>O rapper j\u00e1 est\u00e1 se apresentando em casas maiores do que o esperado, como <strong>Bowery Ballroom<\/strong> em Nova York e o <strong>Roxy Theater<\/strong> em Los Angeles, algo que tamb\u00e9m chamou a aten\u00e7\u00e3o dos f\u00e3s.<\/p>\n<p>Em outra entrevista, desta vez na <strong>BBC Radio One<\/strong>, Chalamet chegou a ser &#8220;confrontado&#8221; com as fotos comparativas, e sua rea\u00e7\u00e3o chamou a aten\u00e7\u00e3o:<\/p>\n<blockquote class=\"instagram-media\" style=\"background: #FFF; border: 0; border-radius: 3px; box-shadow: 0 0 1px 0 rgba(0,0,0,0.5),0 1px 10px 0 rgba(0,0,0,0.15); margin: 1px; max-width: 540px; min-width: 326px; padding: 0; width: calc(100% - 2px);\" data-instgrm-captioned=\"\" data-instgrm-permalink=\"https:\/\/www.instagram.com\/reel\/DSITcVIjYPh\/?utm_source=ig_embed&amp;utm_campaign=loading\" data-instgrm-version=\"14\"\/><p>Leia mais sobre Timoth\u00e9e Chalamet:<\/p>\n<p><strong>Marty Supreme<\/strong> chegar\u00e1 ao Brasil em <strong>22 de janeiro<\/strong>, e t\u00eam sido colocado como um forte candidato ao Oscar.<\/p>\n<p><strong>Fonte<\/strong>: <a href=\"https:\/\/www.rollingstone.com\/music\/music-news\/timothee-chalamet-esdeekid-rumors-1235482644\/\" target=\"_blank\" rel=\"noreferrer noopener nofollow\">Rolling Stone<\/a><\/p>\n<p><script async src=\"https:\/\/platform.twitter.com\/widgets.js\" charset=\"utf-8\"><\/script><script async src=\"\/\/www.instagram.com\/embed.js\"><\/script><\/p>\n","protected":false},"excerpt":{"rendered":"Estimated reading time: 2 minutos Timoth\u00e9e Chalamet est\u00e1 vivendo um grande momento em Hollywood, estrelando produ\u00e7\u00f5es como Duna,&hellip;\n","protected":false},"author":2,"featured_media":185963,"comment_status":"","ping_status":"","sticky":false,"template":"","format":"standard","meta":{"footnotes":""},"categories":[145],"tags":[211,210,4743,114,115,28480,32,33,10558,37791],"class_list":{"0":"post-185962","1":"post","2":"type-post","3":"status-publish","4":"format-standard","5":"has-post-thumbnail","7":"category-celebridades","8":"tag-celebridades","9":"tag-celebrities","10":"tag-duna","11":"tag-entertainment","12":"tag-entretenimento","13":"tag-marty-supreme","14":"tag-portugal","15":"tag-pt","16":"tag-timothee-chalamet","17":"tag-um-completo-desconhecido"},"share_on_mastodon":{"url":"https:\/\/pubeurope.com\/@pt\/115708833518032605","error":""},"_links":{"self":[{"href":"https:\/\/www.europesays.com\/pt\/wp-json\/wp\/v2\/posts\/185962","targetHints":{"allow":["GET"]}}],"collection":[{"href":"https:\/\/www.europesays.com\/pt\/wp-json\/wp\/v2\/posts"}],"about":[{"href":"https:\/\/www.europesays.com\/pt\/wp-json\/wp\/v2\/types\/post"}],"author":[{"embeddable":true,"href":"https:\/\/www.europesays.com\/pt\/wp-json\/wp\/v2\/users\/2"}],"replies":[{"embeddable":true,"href":"https:\/\/www.europesays.com\/pt\/wp-json\/wp\/v2\/comments?post=185962"}],"version-history":[{"count":0,"href":"https:\/\/www.europesays.com\/pt\/wp-json\/wp\/v2\/posts\/185962\/revisions"}],"wp:featuredmedia":[{"embeddable":true,"href":"https:\/\/www.europesays.com\/pt\/wp-json\/wp\/v2\/media\/185963"}],"wp:attachment":[{"href":"https:\/\/www.europesays.com\/pt\/wp-json\/wp\/v2\/media?parent=185962"}],"wp:term":[{"taxonomy":"category","embeddable":true,"href":"https:\/\/www.europesays.com\/pt\/wp-json\/wp\/v2\/categories?post=185962"},{"taxonomy":"post_tag","embeddable":true,"href":"https:\/\/www.europesays.com\/pt\/wp-json\/wp\/v2\/tags?post=185962"}],"curies":[{"name":"wp","href":"https:\/\/api.w.org\/{rel}","templated":true}]}}