{"id":185968,"date":"2025-12-12T22:02:16","date_gmt":"2025-12-12T22:02:16","guid":{"rendered":"https:\/\/www.europesays.com\/pt\/185968\/"},"modified":"2025-12-12T22:02:16","modified_gmt":"2025-12-12T22:02:16","slug":"o-exorcista-saiba-quem-scarlett-johansson-interpreta-no-novo-filme","status":"publish","type":"post","link":"https:\/\/www.europesays.com\/pt\/185968\/","title":{"rendered":"O Exorcista | Saiba quem Scarlett Johansson interpreta no novo filme"},"content":{"rendered":"<p>  <img decoding=\"async\" src=\"https:\/\/cdn.ome.lt\/static\/omelete\/img\/loading.svg\" alt=\"\"\/><\/p>\n<p>  <img decoding=\"async\" class=\"article__cover__image\" data-lazy-src-mob=\"\/\/cdn.ome.lt\/rPK6cvYen9HFDmJgzyz8sBF6oMM=\/570x0\/smart\/filters:format(webp)\/uploads\/conteudo\/fotos\/scarlett-johansson-zora-bennett-jurassic-world.webp\" data-lazy-src=\"https:\/\/cdn.ome.lt\/TV6L_h83aIJ8igNnbm16X8v3Bq4=\/987x0\/smart\/filters:format(webp)\/uploads\/conteudo\/fotos\/scarlett-johansson-zora-bennett-jurassic-world.webp\" src=\"data:image\/png;base64,iVBORw0KGgoAAAANSUhEUgAAAAEAAAABCAQAAAC1HAwCAAAAC0lEQVR42mNkYAAAAAYAAjCB0C8AAAAASUVORK5CYII=\" alt=\"Scarlett Johansson\" title=\"Scarlett Johansson\" width=\"987\" height=\"555\" fetchpriority=\"high\"\/><\/p>\n<p class=\"article__cover__credits\">\n  Cr\u00e9ditos da imagem:<br \/>\n  Reprodu\u00e7\u00e3o\n<\/p>\n<p>Segundo informa\u00e7\u00f5es do\u00a0<a href=\"https:\/\/www.worldofreel.com\/blog\/2025\/12\/10\/details-on-mike-flanagans-exorcist\" rel=\"nofollow noopener\" target=\"_blank\">World of Reel<\/a>, novidades sobre quem\u00a0<strong>Scarlett Johansson\u00a0<\/strong>vai interpretar em\u00a0<strong>The Exorcist: Martyrs<\/strong>,\u00a0novo filme da franquia\u00a0<strong>O Exorcista<\/strong>,\u00a0foram reveladas.<\/p>\n<p>A listagem de produ\u00e7\u00e3o revelou o nome do filme, e tamb\u00e9m que Johansson vai viver uma\u00a0&#8220;detetive novata&#8221;\u00a0de uma cidade que acaba em um caso envolvendo\u00a0&#8220;uma escurid\u00e3o inconceb\u00edvel&#8221;.\u00a0<\/p>\n<p>            Continua depois da Publicidade<\/p>\n<p>O filme parece que n\u00e3o ter\u00e1 nenhum envolvimento com o cl\u00e1ssico e tamb\u00e9m n\u00e3o \u00e9 uma sequ\u00eancia do longa de 2023. Tamb\u00e9m foi dito que\u00a0<strong>Mike Flanagan<\/strong>, que est\u00e1 dirigindo e roteirizando a produ\u00e7\u00e3o, ter\u00e1\u00a0&#8220;liberdade criativa total&#8221;.\u00a0<\/p>\n<p>    Tudo sobre o novo O Exorcista<\/p>\n<p>O novo Exorcista ter\u00e1 roteiro e dire\u00e7\u00e3o do mestre do horror <strong>Mike Flanagan<\/strong>, que celebrou a nova adi\u00e7\u00e3o ao elenco. \u201cScarlett \u00e9 uma atriz brilhante cujas performances cativantes sempre parecem realistas e aut\u00eanticas, desde filmes de g\u00eanero at\u00e9 grandes sucessos de bilheteria, e eu n\u00e3o poderia estar mais feliz em t\u00ea-la neste \u00a0filme do Exorcista\u201d, disse ele ao ve\u00edculo.<\/p>\n<p>O filme Exorcista contar\u00e1 uma hist\u00f3ria totalmente nova ambientada do cl\u00e1ssico e n\u00e3o \u00e9 uma sequ\u00eancia de O Exorcista: O Devoto (2023). O \u00faltimo filme da franquia n\u00e3o foi um sucesso de cr\u00edtica nem de bilheteria, arrecadando US$ 136 milh\u00f5es durante seu per\u00edodo em cartaz &#8211; bem mais que os US$ 30 milh\u00f5es de seu or\u00e7amento, mas nem perto dos US$ 400 milh\u00f5es que a Universal Pictures gastou pelos direitos da franquia.<\/p>\n<p>A nova adapta\u00e7\u00e3o de O Exorcista ainda n\u00e3o tem data de estreia. Fique de olho no <strong>Omelete <\/strong>para saber mais.<\/p>\n<p>            Continua depois da Publicidade<\/p>\n","protected":false},"excerpt":{"rendered":"Cr\u00e9ditos da imagem: Reprodu\u00e7\u00e3o Segundo informa\u00e7\u00f5es do\u00a0World of Reel, novidades sobre quem\u00a0Scarlett Johansson\u00a0vai interpretar em\u00a0The Exorcist: Martyrs,\u00a0novo filme&hellip;\n","protected":false},"author":2,"featured_media":185969,"comment_status":"","ping_status":"","sticky":false,"template":"","format":"standard","meta":{"footnotes":""},"categories":[140],"tags":[114,115,147,148,146,32,33],"class_list":{"0":"post-185968","1":"post","2":"type-post","3":"status-publish","4":"format-standard","5":"has-post-thumbnail","7":"category-filmes","8":"tag-entertainment","9":"tag-entretenimento","10":"tag-film","11":"tag-filmes","12":"tag-movies","13":"tag-portugal","14":"tag-pt"},"share_on_mastodon":{"url":"https:\/\/pubeurope.com\/@pt\/115708857954600798","error":""},"_links":{"self":[{"href":"https:\/\/www.europesays.com\/pt\/wp-json\/wp\/v2\/posts\/185968","targetHints":{"allow":["GET"]}}],"collection":[{"href":"https:\/\/www.europesays.com\/pt\/wp-json\/wp\/v2\/posts"}],"about":[{"href":"https:\/\/www.europesays.com\/pt\/wp-json\/wp\/v2\/types\/post"}],"author":[{"embeddable":true,"href":"https:\/\/www.europesays.com\/pt\/wp-json\/wp\/v2\/users\/2"}],"replies":[{"embeddable":true,"href":"https:\/\/www.europesays.com\/pt\/wp-json\/wp\/v2\/comments?post=185968"}],"version-history":[{"count":0,"href":"https:\/\/www.europesays.com\/pt\/wp-json\/wp\/v2\/posts\/185968\/revisions"}],"wp:featuredmedia":[{"embeddable":true,"href":"https:\/\/www.europesays.com\/pt\/wp-json\/wp\/v2\/media\/185969"}],"wp:attachment":[{"href":"https:\/\/www.europesays.com\/pt\/wp-json\/wp\/v2\/media?parent=185968"}],"wp:term":[{"taxonomy":"category","embeddable":true,"href":"https:\/\/www.europesays.com\/pt\/wp-json\/wp\/v2\/categories?post=185968"},{"taxonomy":"post_tag","embeddable":true,"href":"https:\/\/www.europesays.com\/pt\/wp-json\/wp\/v2\/tags?post=185968"}],"curies":[{"name":"wp","href":"https:\/\/api.w.org\/{rel}","templated":true}]}}