{"id":18597,"date":"2025-08-06T16:30:11","date_gmt":"2025-08-06T16:30:11","guid":{"rendered":"https:\/\/www.europesays.com\/pt\/18597\/"},"modified":"2025-08-06T16:30:11","modified_gmt":"2025-08-06T16:30:11","slug":"executivo-trump-corta-financiamento-de-vacinas-para-covid-19-e-gripe-saude","status":"publish","type":"post","link":"https:\/\/www.europesays.com\/pt\/18597\/","title":{"rendered":"Executivo Trump corta financiamento de vacinas para covid-19 e gripe | Sa\u00fade"},"content":{"rendered":"<p>O Departamento de Sa\u00fade e Servi\u00e7os Humanos norte-americano revelou que vai cancelar contratos e cortar o financiamento do desenvolvimento de algumas vacinas para combater v\u00edrus respirat\u00f3rios como a covid-19 e a gripe.<\/p>\n<p>Robert F. Kennedy Jr., o secret\u00e1rio de Sa\u00fade norte-americano e <a href=\"https:\/\/www.publico.pt\/2025\/06\/10\/mundo\/noticia\/kennedy-jr-destitui-especialistas-comite-consultivo-vacinas-2136172\" rel=\"nofollow noopener\" target=\"_blank\">cr\u00edtico de longa data das vacinas<\/a>, afirmou em comunicado na ter\u00e7a-feira que ser\u00e3o interrompidos projectos de desenvolvimento de vacinas no valor de 500 milh\u00f5es de d\u00f3lares, todos com recurso \u00e0 <a href=\"https:\/\/www.publico.pt\/2021\/12\/20\/ciencia\/noticia\/fabricantes-vacinas-arnmensageiro-tentam-repetir-historia-sucesso-1988040\" rel=\"nofollow noopener\" target=\"_blank\">tecnologia de mRNA<\/a>.<\/p>\n<p>Os 22 projectos em causa est\u00e3o a ser liderados por algumas das principais empresas farmac\u00eauticas do pa\u00eds, como a Pfizer e a Moderna, para prevenir infec\u00e7\u00f5es por gripe, covid-19 e H5N1.<\/p>\n<p>As vacinas de mRNA foram <a href=\"https:\/\/www.publico.pt\/2021\/04\/05\/ciencia\/noticia\/vacinas-arnmensageiro-parecem-evitar-transmissao-covid19-pessoas-1957212\" rel=\"nofollow noopener\" target=\"_blank\">amplamente elogiadas pela comunidade cient\u00edfica<\/a> internacional pelo seu papel no abrandamento da pandemia do coronav\u00edrus em 2020-2021.<\/p>\n<p>Kennedy disse em comunicado que deseja que o seu departamento se afaste das vacinas de mRNA, e que comece a &#8220;investir em solu\u00e7\u00f5es melhores&#8221;, sem referir quais.<\/p>\n<p>Nos \u00faltimos anos, Robert Kennedy Jr. tem sido um defensor de v\u00e1rias teorias contra as vacinas da covid-19, assim como sobre os <a href=\"https:\/\/www.publico.pt\/2025\/03\/21\/ciencia\/ensaio\/vacinas-nao-causam-autismo-nao-sao-precisos-estudos-2126533\" rel=\"nofollow noopener\" target=\"_blank\">supostos v\u00ednculos entre a vacina\u00e7\u00e3o e o autismo<\/a>, especialmente atrav\u00e9s da organiza\u00e7\u00e3o Children&#8217;s Health Defense, de que \u00e9 co-fundador.<\/p>\n<p>Desde que assumiu a lideran\u00e7a do Departamento da Sa\u00fade, em Fevereiro, iniciou uma profunda reformula\u00e7\u00e3o das autoridades de sa\u00fade. No m\u00eas passado, anunciou que o pa\u00eds deixar\u00e1 de usar uma subst\u00e2ncia contida nas vacinas que h\u00e1 muito \u00e9 criticada por personalidades antivacinas, que alegam que esta causa autismo, acusa\u00e7\u00f5es que foram refutadas por cientistas.<\/p>\n<p>O timerosal, um conservante \u00e0 base de merc\u00fario, que impede a prolifera\u00e7\u00e3o bacteriana e f\u00fangica, foi amplamente estudado, e v\u00e1rias autoridades, incluindo a Organiza\u00e7\u00e3o Mundial da Sa\u00fade (OMS), n\u00e3o encontraram qualquer prova de que possa ser nocivo para a sa\u00fade.<\/p>\n<p>O voto de um painel de especialistas, convocado no m\u00eas passado por Robert Kennedy Jr., aprovou o fim da utiliza\u00e7\u00e3o do timerosal nas vacinas contra a gripe para adultos, mulheres gr\u00e1vidas e crian\u00e7as no pa\u00eds. Embora esta subst\u00e2ncia seja agora raramente utilizada em vacinas nos Estados Unidos, as recomenda\u00e7\u00f5es do painel alarmaram os cientistas, que consideram que esta decis\u00e3o mostra como as posi\u00e7\u00f5es antivacina\u00e7\u00e3o est\u00e3o agora enraizadas na <a href=\"https:\/\/www.publico.pt\/2025\/06\/10\/mundo\/noticia\/kennedy-jr-destitui-especialistas-comite-consultivo-vacinas-2136172\" rel=\"nofollow noopener\" target=\"_blank\">pol\u00edtica de vacina\u00e7\u00e3o norte-americana<\/a>.<\/p>\n<p>Paralelamente, Kennedy Jr. tem vindo a pressionar por mais tecnologia na \u00e1rea da sa\u00fade, defendendo dispositivos que monitorizem o bem-estar e a telessa\u00fade, procurando recolher mais dados dos registos m\u00e9dicos dos norte-americanos, incluindo para estudar o autismo e a seguran\u00e7a das vacinas.<\/p>\n<p>Para alcan\u00e7ar esse objectivo, o secret\u00e1rio de Sa\u00fade preencheu a ag\u00eancia com funcion\u00e1rios com um hist\u00f3rico de trabalho ou gest\u00e3o de startups e empresas de tecnologia de sa\u00fade.<\/p>\n<p>        &#13;<\/p>\n<p>&#13;<br \/>\n                &#13;\n            <\/p>\n<p>&#13;<\/p>\n","protected":false},"excerpt":{"rendered":"O Departamento de Sa\u00fade e Servi\u00e7os Humanos norte-americano revelou que vai cancelar contratos e cortar o financiamento do&hellip;\n","protected":false},"author":2,"featured_media":18598,"comment_status":"","ping_status":"","sticky":false,"template":"","format":"standard","meta":{"footnotes":""},"categories":[50],"tags":[27,28,2641,413,15,16,14,25,26,21,22,62,12,13,19,20,23,24,117,17,18,29,30,31,2820,2782,63,64,65],"class_list":{"0":"post-18597","1":"post","2":"type-post","3":"status-publish","4":"format-standard","5":"has-post-thumbnail","7":"category-mundo","8":"tag-breaking-news","9":"tag-breakingnews","10":"tag-covid-19","11":"tag-eua","12":"tag-featured-news","13":"tag-featurednews","14":"tag-headlines","15":"tag-latest-news","16":"tag-latestnews","17":"tag-main-news","18":"tag-mainnews","19":"tag-mundo","20":"tag-news","21":"tag-noticias","22":"tag-noticias-principais","23":"tag-noticiasprincipais","24":"tag-principais-noticias","25":"tag-principaisnoticias","26":"tag-saude","27":"tag-top-stories","28":"tag-topstories","29":"tag-ultimas","30":"tag-ultimas-noticias","31":"tag-ultimasnoticias","32":"tag-vacinacao","33":"tag-vacinas","34":"tag-world","35":"tag-world-news","36":"tag-worldnews"},"share_on_mastodon":{"url":"","error":""},"_links":{"self":[{"href":"https:\/\/www.europesays.com\/pt\/wp-json\/wp\/v2\/posts\/18597","targetHints":{"allow":["GET"]}}],"collection":[{"href":"https:\/\/www.europesays.com\/pt\/wp-json\/wp\/v2\/posts"}],"about":[{"href":"https:\/\/www.europesays.com\/pt\/wp-json\/wp\/v2\/types\/post"}],"author":[{"embeddable":true,"href":"https:\/\/www.europesays.com\/pt\/wp-json\/wp\/v2\/users\/2"}],"replies":[{"embeddable":true,"href":"https:\/\/www.europesays.com\/pt\/wp-json\/wp\/v2\/comments?post=18597"}],"version-history":[{"count":0,"href":"https:\/\/www.europesays.com\/pt\/wp-json\/wp\/v2\/posts\/18597\/revisions"}],"wp:featuredmedia":[{"embeddable":true,"href":"https:\/\/www.europesays.com\/pt\/wp-json\/wp\/v2\/media\/18598"}],"wp:attachment":[{"href":"https:\/\/www.europesays.com\/pt\/wp-json\/wp\/v2\/media?parent=18597"}],"wp:term":[{"taxonomy":"category","embeddable":true,"href":"https:\/\/www.europesays.com\/pt\/wp-json\/wp\/v2\/categories?post=18597"},{"taxonomy":"post_tag","embeddable":true,"href":"https:\/\/www.europesays.com\/pt\/wp-json\/wp\/v2\/tags?post=18597"}],"curies":[{"name":"wp","href":"https:\/\/api.w.org\/{rel}","templated":true}]}}