{"id":185981,"date":"2025-12-12T22:13:13","date_gmt":"2025-12-12T22:13:13","guid":{"rendered":"https:\/\/www.europesays.com\/pt\/185981\/"},"modified":"2025-12-12T22:13:13","modified_gmt":"2025-12-12T22:13:13","slug":"oscar-decide-encerrar-carreira-e-sao-paulo-prepara-rescisao-r7-esportes","status":"publish","type":"post","link":"https:\/\/www.europesays.com\/pt\/185981\/","title":{"rendered":"Oscar decide encerrar carreira e S\u00e3o Paulo prepara rescis\u00e3o \u2013 R7 Esportes"},"content":{"rendered":"<p><img decoding=\"async\" data-chromatic=\"ignore\" alt=\"\" class=\"c-image\" loading=\"lazy\" src=\"https:\/\/www.europesays.com\/pt\/wp-content\/uploads\/2025\/12\/AQ5FOFTZ5RDYTDJE5MST2V7TFA.jpeg\"  width=\"610\" height=\"399\"\/>Oscar decide se aposentar do futebol  Rubens Chiri \/ S\u00e3o Paulo FC <\/p>\n<p class=\"jarvics:base-text-neutral-high-400 base-text-[calc(theme(fontSize.xs)_*_var(--font-size,_1))] base-font-normal base-font-primary base-text-neutral-low-500 base-text-left\">Oscar n\u00e3o voltar\u00e1 a atuar profissionalmente. A decis\u00e3o, revelada por pessoas pr\u00f3ximas ao jogador, j\u00e1 foi informada ao S\u00e3o Paulo, que imediatamente retirou o meia do planejamento para a pr\u00f3xima temporada. Aos 34 anos, o atleta ainda discutir\u00e1 com a diretoria uma rescis\u00e3o amig\u00e1vel do contrato, v\u00e1lido at\u00e9 o fim de 2027, mas a tend\u00eancia \u00e9 que o an\u00fancio oficial da aposentadoria aconte\u00e7a em suas redes sociais nos pr\u00f3ximos dias.<\/p>\n<p class=\"jarvics:base-text-neutral-high-400 base-text-[calc(theme(fontSize.xs)_*_var(--font-size,_1))] base-font-normal base-font-primary base-text-neutral-low-500 base-text-left\">O ponto de virada aconteceu no m\u00eas passado, quando Oscar sofreu um mal s\u00fabito durante exames pr\u00e9vios \u00e0 pr\u00e9-temporada no CT da Barra Funda. O jogador desmaiou e acabou sendo levado de ambul\u00e2ncia ao Hospital Israelita Albert Einstein. L\u00e1, permaneceu na UTI, onde recebeu o diagn\u00f3stico de s\u00edncope vasovagal, uma perda tempor\u00e1ria de consci\u00eancia causada pela queda s\u00fabita da press\u00e3o arterial e da frequ\u00eancia card\u00edaca.<\/p>\n<p class=\"jarvics:base-text-neutral-high-400 base-text-[calc(theme(fontSize.xs)_*_var(--font-size,_1))] base-font-normal base-font-primary base-text-neutral-low-500 base-text-left\">O epis\u00f3dio acendeu o alerta sobre sua condi\u00e7\u00e3o f\u00edsica, j\u00e1 fragilizada por um ano marcado por sucessivas les\u00f5es. Em 2025, Oscar enfrentou seu problema mais grave. Afinal, ele teve uma fratura em tr\u00eas v\u00e9rtebras que o afastou por tr\u00eas meses. Mesmo ap\u00f3s retornar, n\u00e3o conseguiu atingir o impacto esperado e fechou a temporada com apenas dois gols em 21 partidas.<\/p>\n<p>Oscar n\u00e3o conseguiu render nesta volta ao S\u00e3o Paulo<\/p>\n<p class=\"jarvics:base-text-neutral-high-400 base-text-[calc(theme(fontSize.xs)_*_var(--font-size,_1))] base-font-normal base-font-primary base-text-neutral-low-500 base-text-left\">Contratado sob grande expectativa ap\u00f3s longa passagem pelo futebol chin\u00eas e experi\u00eancias de alto n\u00edvel no Chelsea e na Sele\u00e7\u00e3o Brasileira, Oscar n\u00e3o conseguiu se firmar no S\u00e3o Paulo como refer\u00eancia t\u00e9cnica. O clube, agora, estuda maneiras de manter o ex-meia integrado aos bastidores. Isso caso ele manifeste interesse em seguir no ambiente tricolor em outra fun\u00e7\u00e3o.<\/p>\n<p class=\"jarvics:base-text-neutral-high-400 base-text-[calc(theme(fontSize.xs)_*_var(--font-size,_1))] base-font-normal base-font-primary base-text-neutral-low-500 base-text-left\">A tend\u00eancia, por\u00e9m, \u00e9 que a hist\u00f3ria dentro de campo tenha chegado ao fim. Assim, a despedida passa apenas pelo an\u00fancio oficial do pr\u00f3prio Oscar.<\/p>\n","protected":false},"excerpt":{"rendered":"Oscar decide se aposentar do futebol Rubens Chiri \/ S\u00e3o Paulo FC Oscar n\u00e3o voltar\u00e1 a atuar profissionalmente.&hellip;\n","protected":false},"author":2,"featured_media":185982,"comment_status":"","ping_status":"","sticky":false,"template":"","format":"standard","meta":{"footnotes":""},"categories":[145],"tags":[211,210,114,115,524,32,33,4895],"class_list":{"0":"post-185981","1":"post","2":"type-post","3":"status-publish","4":"format-standard","5":"has-post-thumbnail","7":"category-celebridades","8":"tag-celebridades","9":"tag-celebrities","10":"tag-entertainment","11":"tag-entretenimento","12":"tag-futebol","13":"tag-portugal","14":"tag-pt","15":"tag-sao-paulo-time"},"share_on_mastodon":{"url":"https:\/\/pubeurope.com\/@pt\/115708900824906370","error":""},"_links":{"self":[{"href":"https:\/\/www.europesays.com\/pt\/wp-json\/wp\/v2\/posts\/185981","targetHints":{"allow":["GET"]}}],"collection":[{"href":"https:\/\/www.europesays.com\/pt\/wp-json\/wp\/v2\/posts"}],"about":[{"href":"https:\/\/www.europesays.com\/pt\/wp-json\/wp\/v2\/types\/post"}],"author":[{"embeddable":true,"href":"https:\/\/www.europesays.com\/pt\/wp-json\/wp\/v2\/users\/2"}],"replies":[{"embeddable":true,"href":"https:\/\/www.europesays.com\/pt\/wp-json\/wp\/v2\/comments?post=185981"}],"version-history":[{"count":0,"href":"https:\/\/www.europesays.com\/pt\/wp-json\/wp\/v2\/posts\/185981\/revisions"}],"wp:featuredmedia":[{"embeddable":true,"href":"https:\/\/www.europesays.com\/pt\/wp-json\/wp\/v2\/media\/185982"}],"wp:attachment":[{"href":"https:\/\/www.europesays.com\/pt\/wp-json\/wp\/v2\/media?parent=185981"}],"wp:term":[{"taxonomy":"category","embeddable":true,"href":"https:\/\/www.europesays.com\/pt\/wp-json\/wp\/v2\/categories?post=185981"},{"taxonomy":"post_tag","embeddable":true,"href":"https:\/\/www.europesays.com\/pt\/wp-json\/wp\/v2\/tags?post=185981"}],"curies":[{"name":"wp","href":"https:\/\/api.w.org\/{rel}","templated":true}]}}