{"id":185990,"date":"2025-12-12T22:26:02","date_gmt":"2025-12-12T22:26:02","guid":{"rendered":"https:\/\/www.europesays.com\/pt\/185990\/"},"modified":"2025-12-12T22:26:02","modified_gmt":"2025-12-12T22:26:02","slug":"harry-quer-criar-sua-propria-filial-da-familia-real-para-rivalizar-com-william-diz-colunista-celebridades","status":"publish","type":"post","link":"https:\/\/www.europesays.com\/pt\/185990\/","title":{"rendered":"Harry quer criar sua pr\u00f3pria &#8216;filial&#8217; da Fam\u00edlia Real para rivalizar com William, diz colunista | Celebridades"},"content":{"rendered":"\n<p class=\" content-text__container \" data-track-category=\"Link no Texto\" data-track-links=\"\"> Vale lembrar que Harry declarou que s\u00f3 voltaria com sua esposa, Meghan Markle, e seus filhos, Pr\u00edncipe Archie e Princesa Lilibet, para seu pa\u00eds de origem (mesmo que s\u00f3 para visitas) se todos eles tivessem seguran\u00e7a privativa disponibilizada pela coroa. Entretanto, em uma briga judicial deste ano, ele perdeu essa disputa &#8211; principalmente pelo fato de ter abdicado de suas fun\u00e7\u00f5es reais em 2020, quando se mudou para os Estados Unidos. <\/p>\n","protected":false},"excerpt":{"rendered":"Vale lembrar que Harry declarou que s\u00f3 voltaria com sua esposa, Meghan Markle, e seus filhos, Pr\u00edncipe Archie&hellip;\n","protected":false},"author":2,"featured_media":185991,"comment_status":"","ping_status":"","sticky":false,"template":"","format":"standard","meta":{"footnotes":""},"categories":[85],"tags":[114,115,32,33],"class_list":{"0":"post-185990","1":"post","2":"type-post","3":"status-publish","4":"format-standard","5":"has-post-thumbnail","7":"category-entretenimento","8":"tag-entertainment","9":"tag-entretenimento","10":"tag-portugal","11":"tag-pt"},"share_on_mastodon":{"url":"https:\/\/pubeurope.com\/@pt\/115708951584589249","error":""},"_links":{"self":[{"href":"https:\/\/www.europesays.com\/pt\/wp-json\/wp\/v2\/posts\/185990","targetHints":{"allow":["GET"]}}],"collection":[{"href":"https:\/\/www.europesays.com\/pt\/wp-json\/wp\/v2\/posts"}],"about":[{"href":"https:\/\/www.europesays.com\/pt\/wp-json\/wp\/v2\/types\/post"}],"author":[{"embeddable":true,"href":"https:\/\/www.europesays.com\/pt\/wp-json\/wp\/v2\/users\/2"}],"replies":[{"embeddable":true,"href":"https:\/\/www.europesays.com\/pt\/wp-json\/wp\/v2\/comments?post=185990"}],"version-history":[{"count":0,"href":"https:\/\/www.europesays.com\/pt\/wp-json\/wp\/v2\/posts\/185990\/revisions"}],"wp:featuredmedia":[{"embeddable":true,"href":"https:\/\/www.europesays.com\/pt\/wp-json\/wp\/v2\/media\/185991"}],"wp:attachment":[{"href":"https:\/\/www.europesays.com\/pt\/wp-json\/wp\/v2\/media?parent=185990"}],"wp:term":[{"taxonomy":"category","embeddable":true,"href":"https:\/\/www.europesays.com\/pt\/wp-json\/wp\/v2\/categories?post=185990"},{"taxonomy":"post_tag","embeddable":true,"href":"https:\/\/www.europesays.com\/pt\/wp-json\/wp\/v2\/tags?post=185990"}],"curies":[{"name":"wp","href":"https:\/\/api.w.org\/{rel}","templated":true}]}}