{"id":185998,"date":"2025-12-12T22:30:54","date_gmt":"2025-12-12T22:30:54","guid":{"rendered":"https:\/\/www.europesays.com\/pt\/185998\/"},"modified":"2025-12-12T22:30:54","modified_gmt":"2025-12-12T22:30:54","slug":"segundo-dia-de-greve-da-funcao-publica-com-75-de-adesao-na-educacao","status":"publish","type":"post","link":"https:\/\/www.europesays.com\/pt\/185998\/","title":{"rendered":"Segundo dia de greve da fun\u00e7\u00e3o p\u00fablica com 75% de ades\u00e3o na educa\u00e7\u00e3o"},"content":{"rendered":"<p data-remotead-prev-elm=\"true\" data-remotead-elm-id=\"inread\">&#8220;Ainda \u00e9 cedo para dados mais concretos, mas neste momento <strong>estamos com 75% na educa\u00e7\u00e3o<\/strong>, com muitas escolas encerradas, 90% das cantinas das universidades e polit\u00e9cnicos est\u00e3o fechadas e na \u00e1rea da sa\u00fade ainda n\u00e3o temos n\u00fameros, mas tamb\u00e9m est\u00e1 a ser afetada&#8221;, disse \u00e0 Lusa Jaime Santos, presidente do Sindicato Independente dos Trabalhadores dos Organismos P\u00fablicos e Apoio Social (SITOPAS).<\/p>\n<p>De acordo com Jaime Santos, nos servi\u00e7os municipalizados, mais concretamente na recolha do lixo, a indica\u00e7\u00e3o \u00e9 que esta s\u00f3 era feita na segunda-feira, logo a greve no setor \u00e9 elevada.<\/p>\n<p>O SITOPAS marcou dois dias de greve, na quinta-feira e hoje, contra as propostas do pacote laboral apresentado pelo Governo, que considera um &#8220;desrespeito para com os trabalhadores&#8221; e abrange os trabalhadores da Administra\u00e7\u00e3o P\u00fablica Central, Regional e Local.<\/p>\n<p data-remotead-prev-elm=\"true\" data-remotead-elm-id=\"centro1\">Em declara\u00e7\u00f5es \u00e0 Lusa, Jaime Santos afirmou que a greve n\u00e3o tem motiva\u00e7\u00f5es pol\u00edticas, que \u00e9 contra as propostas do Governo e exigir melhores condi\u00e7\u00f5es de trabalho para todos.<\/p>\n<p>O presidente do SITOPAS criticou ainda as declara\u00e7\u00f5es do primeiro-ministro sobre a subida do sal\u00e1rio m\u00ednimo nacional para os 1600 euros, considerando-as um desrespeito pelos trabalhadores.<\/p>\n<p>&#8220;Quanto \u00e0 greve de ontem [quinta-feira], ao contr\u00e1rio do que disse o Governo, teve uma grande ades\u00e3o. Bastava andar na rua para perceber&#8221;, assinalou.<\/p>\n<p data-remotead-prev-elm=\"true\" data-remotead-elm-id=\"centro2\">Al\u00e9m da altera\u00e7\u00e3o \u00e0 lei laboral, os trabalhadores exigem um suplemento de penosidade e insalubridade para trabalhadores com fun\u00e7\u00f5es de risco, a caixa geral de aposenta\u00e7\u00f5es para todos, subs\u00eddio de refei\u00e7\u00e3o para nove euros e valoriza\u00e7\u00e3o dos assistentes t\u00e9cnicos e t\u00e9cnicos superiores.<\/p>\n<p>Reivindicam tamb\u00e9m a valoriza\u00e7\u00e3o e cria\u00e7\u00e3o da carreira de auxiliar de a\u00e7\u00e3o educativa, a reposi\u00e7\u00e3o das carreiras e conte\u00fados funcionais em todos os servi\u00e7os p\u00fablicos, redu\u00e7\u00e3o da idade da reforma para os 62 anos e 36 anos de descontos e a diminui\u00e7\u00e3o da ADSE para 1,5% e 12 meses.<\/p>\n<p>Na quinta-feira, realizou-se uma greve geral, a primeira convocada pela CGTP e UGT em 12 anos, que afetou setores como transportes, escolas, hospitais e centros de sa\u00fade.<\/p>\n<p data-remotead-prev-elm=\"true\" data-remotead-elm-id=\"centro3\">A CGTP reclamou que tr\u00eas milh\u00f5es de trabalhadores aderiram \u00e0 greve e a UGT estimou uma ades\u00e3o de 80%.<\/p>\n<p>O Governo, atrav\u00e9s do ministro da Presid\u00eancia, Leit\u00e3o Amaro, considerou insignificante a participa\u00e7\u00e3o na greve, e estimou a ades\u00e3o entre os 0 e os 10%.<\/p>\n","protected":false},"excerpt":{"rendered":"&#8220;Ainda \u00e9 cedo para dados mais concretos, mas neste momento estamos com 75% na educa\u00e7\u00e3o, com muitas escolas&hellip;\n","protected":false},"author":2,"featured_media":185999,"comment_status":"","ping_status":"","sticky":false,"template":"","format":"standard","meta":{"footnotes":""},"categories":[8],"tags":[27,28,15,16,22067,31789,14,25,26,21,22,619,12,13,19,20,32,23,24,33,17,18,29,30,31],"class_list":{"0":"post-185998","1":"post","2":"type-post","3":"status-publish","4":"format-standard","5":"has-post-thumbnail","7":"category-principais-noticias","8":"tag-breaking-news","9":"tag-breakingnews","10":"tag-featured-news","11":"tag-featurednews","12":"tag-funcao-publica","13":"tag-greve-geral","14":"tag-headlines","15":"tag-latest-news","16":"tag-latestnews","17":"tag-main-news","18":"tag-mainnews","19":"tag-nacional","20":"tag-news","21":"tag-noticias","22":"tag-noticias-principais","23":"tag-noticiasprincipais","24":"tag-portugal","25":"tag-principais-noticias","26":"tag-principaisnoticias","27":"tag-pt","28":"tag-top-stories","29":"tag-topstories","30":"tag-ultimas","31":"tag-ultimas-noticias","32":"tag-ultimasnoticias"},"share_on_mastodon":{"url":"https:\/\/pubeurope.com\/@pt\/115708971046176979","error":""},"_links":{"self":[{"href":"https:\/\/www.europesays.com\/pt\/wp-json\/wp\/v2\/posts\/185998","targetHints":{"allow":["GET"]}}],"collection":[{"href":"https:\/\/www.europesays.com\/pt\/wp-json\/wp\/v2\/posts"}],"about":[{"href":"https:\/\/www.europesays.com\/pt\/wp-json\/wp\/v2\/types\/post"}],"author":[{"embeddable":true,"href":"https:\/\/www.europesays.com\/pt\/wp-json\/wp\/v2\/users\/2"}],"replies":[{"embeddable":true,"href":"https:\/\/www.europesays.com\/pt\/wp-json\/wp\/v2\/comments?post=185998"}],"version-history":[{"count":0,"href":"https:\/\/www.europesays.com\/pt\/wp-json\/wp\/v2\/posts\/185998\/revisions"}],"wp:featuredmedia":[{"embeddable":true,"href":"https:\/\/www.europesays.com\/pt\/wp-json\/wp\/v2\/media\/185999"}],"wp:attachment":[{"href":"https:\/\/www.europesays.com\/pt\/wp-json\/wp\/v2\/media?parent=185998"}],"wp:term":[{"taxonomy":"category","embeddable":true,"href":"https:\/\/www.europesays.com\/pt\/wp-json\/wp\/v2\/categories?post=185998"},{"taxonomy":"post_tag","embeddable":true,"href":"https:\/\/www.europesays.com\/pt\/wp-json\/wp\/v2\/tags?post=185998"}],"curies":[{"name":"wp","href":"https:\/\/api.w.org\/{rel}","templated":true}]}}