{"id":186000,"date":"2025-12-12T22:32:16","date_gmt":"2025-12-12T22:32:16","guid":{"rendered":"https:\/\/www.europesays.com\/pt\/186000\/"},"modified":"2025-12-12T22:32:16","modified_gmt":"2025-12-12T22:32:16","slug":"xuxa-se-declara-a-junno-andrade-e-entrega-detalhe-no-cantor-que-a-fascina-e-admiravel","status":"publish","type":"post","link":"https:\/\/www.europesays.com\/pt\/186000\/","title":{"rendered":"Xuxa se declara a Junno Andrade e entrega detalhe no cantor que a fascina: &#8216;\u00c9 admir\u00e1vel&#8217;"},"content":{"rendered":"<p>Xuxa, de 62 anos, fez uma declara\u00e7\u00e3o de amor ao marido, Junno Andrade, da mesma idade, nesta sexta-feira (12), dia em que celebram 13 anos de uni\u00e3o, revelando detalhes do que torna a rela\u00e7\u00e3o t\u00e3o especial. A apresentadora tamb\u00e9m entregou um detalhe da personalidade do cantor e ator que a fascina: o humor de \u201c5\u00aa s\u00e9rie\u201d dele. Ela tamb\u00e9m fez quest\u00e3o de refor\u00e7ar que ele se adequou \u00e0s manias dela.<\/p>\n<p>\u201c12 do 12 de 2012 nos reencontramos. Nossos destinos foram tra\u00e7ados na maternidade (1963) escrito em cartas de tar\u00f4 com as Aldas (nossas m\u00e3es). Minha paix\u00e3o e TOC por limpeza, bichos e manias, voc\u00ea se encaixa como uma pe\u00e7a de quebra-cabe\u00e7a. Seu humor de 5\u00aa s\u00e9rie me fascina, sua voz, seu talento pra compor e sua veia art\u00edstica \u00e9 simplesmente admir\u00e1vel\u2026\u201d, come\u00e7ou dizendo.<\/p>\n<p>\u201cUm dia a m\u00e3e me disse que eu reencontraria uma pessoa que encheria minha vida de poesia\u2026 Voc\u00ea \u00e9 a poesia em pessoa, como voc\u00ea \u00e9 um lindo pai, lindo amante, lindo ser humano que chora com desenho animado\u2026 Ju\u2026 voc\u00ea \u00e9 tudo que eu sonhei ou nem imaginava em sonho. Te amo\u2026 Te amo\u201d, acrescentou a loira.<\/p>\n<p>Nos coment\u00e1rios, seguidores se derreteram. \u201cAmores, felizes sempre\u201d, disse Carolina Dieckmmann. \u201cQue hist\u00f3ria linda\u201d, afirmou uma pessoa. \u201cMuito amor por voc\u00eas e pra voc\u00eas minha rainha!\u201d, declarou outra. \u201cDoce, doce, doce, a vida \u00e9 um doce, a vida \u00e9 mel\u201d, acrescentou mais uma, parafraseando um dos grandes sucessos da eterna Rainha dos Baixinhos.<\/p>\n","protected":false},"excerpt":{"rendered":"Xuxa, de 62 anos, fez uma declara\u00e7\u00e3o de amor ao marido, Junno Andrade, da mesma idade, nesta sexta-feira&hellip;\n","protected":false},"author":2,"featured_media":186001,"comment_status":"","ping_status":"","sticky":false,"template":"","format":"standard","meta":{"footnotes":""},"categories":[145],"tags":[211,210,114,115,32,33],"class_list":{"0":"post-186000","1":"post","2":"type-post","3":"status-publish","4":"format-standard","5":"has-post-thumbnail","7":"category-celebridades","8":"tag-celebridades","9":"tag-celebrities","10":"tag-entertainment","11":"tag-entretenimento","12":"tag-portugal","13":"tag-pt"},"share_on_mastodon":{"url":"https:\/\/pubeurope.com\/@pt\/115708975040794910","error":""},"_links":{"self":[{"href":"https:\/\/www.europesays.com\/pt\/wp-json\/wp\/v2\/posts\/186000","targetHints":{"allow":["GET"]}}],"collection":[{"href":"https:\/\/www.europesays.com\/pt\/wp-json\/wp\/v2\/posts"}],"about":[{"href":"https:\/\/www.europesays.com\/pt\/wp-json\/wp\/v2\/types\/post"}],"author":[{"embeddable":true,"href":"https:\/\/www.europesays.com\/pt\/wp-json\/wp\/v2\/users\/2"}],"replies":[{"embeddable":true,"href":"https:\/\/www.europesays.com\/pt\/wp-json\/wp\/v2\/comments?post=186000"}],"version-history":[{"count":0,"href":"https:\/\/www.europesays.com\/pt\/wp-json\/wp\/v2\/posts\/186000\/revisions"}],"wp:featuredmedia":[{"embeddable":true,"href":"https:\/\/www.europesays.com\/pt\/wp-json\/wp\/v2\/media\/186001"}],"wp:attachment":[{"href":"https:\/\/www.europesays.com\/pt\/wp-json\/wp\/v2\/media?parent=186000"}],"wp:term":[{"taxonomy":"category","embeddable":true,"href":"https:\/\/www.europesays.com\/pt\/wp-json\/wp\/v2\/categories?post=186000"},{"taxonomy":"post_tag","embeddable":true,"href":"https:\/\/www.europesays.com\/pt\/wp-json\/wp\/v2\/tags?post=186000"}],"curies":[{"name":"wp","href":"https:\/\/api.w.org\/{rel}","templated":true}]}}