{"id":186021,"date":"2025-12-12T22:49:19","date_gmt":"2025-12-12T22:49:19","guid":{"rendered":"https:\/\/www.europesays.com\/pt\/186021\/"},"modified":"2025-12-12T22:49:19","modified_gmt":"2025-12-12T22:49:19","slug":"comunicado-defende-pedro-jorge-na-casa-dos-segredos","status":"publish","type":"post","link":"https:\/\/www.europesays.com\/pt\/186021\/","title":{"rendered":"comunicado defende Pedro Jorge na Casa dos Segredos"},"content":{"rendered":"<p>A tens\u00e3o voltou a marcar a manh\u00e3 desta sexta-feira, no <a href=\"https:\/\/www.atelevisao.com\/tag\/casa-dos-segredos\/\" data-type=\"post_tag\" data-id=\"3370\" rel=\"nofollow noopener\" target=\"_blank\">Secret Story  \u2013 Casa dos Segredos 9<\/a>. Ap\u00f3s uma discuss\u00e3o intensa entre Liliana, F\u00e1bio e Pedro Jorge, a equipa do concorrente da Covilh\u00e3 decidiu intervir publicamente. As acusa\u00e7\u00f5es e insinua\u00e7\u00f5es feitas dentro da casa levaram a uma tomada de posi\u00e7\u00e3o firme, numa tentativa de travar aquilo que consideram ser uma campanha injusta contra a imagem do participante.<\/p>\n<ul class=\"toc-content h5\">\n<li><a href=\"#comunicado-aponta-o-dedo-a-producao\" class=\"table-link no-link anchor-link\" data-index=\"rb-heading-index-0\">Comunicado aponta o dedo \u00e0 produ\u00e7\u00e3o<\/a><\/li>\n<li><a href=\"#um-pedido-de-limites-e-respeito\" class=\"table-link no-link anchor-link\" data-index=\"rb-heading-index-1\">Um pedido de limites e respeito<\/a><\/li>\n<\/ul>\n<p>Na origem do conflito est\u00e1 a sugest\u00e3o, lan\u00e7ada por dois concorrentes, de que Pedro Jorge intimidaria a esposa e de que esta teria medo dele \u2014 uma insinua\u00e7\u00e3o que rapidamente gerou indigna\u00e7\u00e3o fora do programa. Para a equipa do concorrente, a gravidade do assunto impede que seja tratado como mero entretenimento televisivo.<\/p>\n<p><strong>Comunicado aponta o dedo \u00e0 produ\u00e7\u00e3o<\/strong><\/p>\n<p>No comunicado divulgado nas redes sociais, a equipa n\u00e3o poupou cr\u00edticas \u00e0s insinua\u00e7\u00f5es feitas dentro da casa e ao papel da produ\u00e7\u00e3o da Casa dos Segredos. A nota come\u00e7a por denunciar o peso das sugest\u00f5es que circulam no reality show: \u201cIsto j\u00e1 ultrapassou todos os limites. Dois concorrentes est\u00e3o a tentar manchar a imagem do Pedro (\u2026) est\u00e3o a insinuar viol\u00eancia dom\u00e9stica. Acusa\u00e7\u00f5es deste calibre n\u00e3o podem ser lan\u00e7adas nem repetidas de \u00e2nimo leve\u201d.<\/p>\n<p>A produ\u00e7\u00e3o da Casa dos Segredos tamb\u00e9m \u00e9 visada, com o grupo a questionar a falta de interven\u00e7\u00e3o num tema t\u00e3o sens\u00edvel. Segundo a equipa, a forma como a narrativa tem sido alimentada dentro da casa e exibida na TVI representa um erro grave, especialmente quando envolve um assunto que afeta milhares de fam\u00edlias portuguesas.<\/p>\n<p><strong>Um pedido de limites e respeito<\/strong><\/p>\n<p>A nota termina com um apelo direto \u00e0 TVI e \u00e0 Endemol, pedindo que se ponha fim ao que descrevem como \u201cuma campanha\u201d contra Pedro Jorge. A equipa refor\u00e7a que o concorrente n\u00e3o tem forma de se defender e que merece ver esclarecidas as acusa\u00e7\u00f5es que circulam no programa. \u201cParem de compactuar com esta campanha contra o Pedro. (\u2026) H\u00e1 limites e j\u00e1 foram ultrapassados h\u00e1 muito tempo\u201d, l\u00ea-se no comunicado, que exige que o participante tenha finalmente oportunidade de responder.<\/p>\n","protected":false},"excerpt":{"rendered":"A tens\u00e3o voltou a marcar a manh\u00e3 desta sexta-feira, no Secret Story \u2013 Casa dos Segredos 9. Ap\u00f3s&hellip;\n","protected":false},"author":2,"featured_media":155737,"comment_status":"","ping_status":"","sticky":false,"template":"","format":"standard","meta":{"footnotes":""},"categories":[142],"tags":[114,115,32,33,151],"class_list":{"0":"post-186021","1":"post","2":"type-post","3":"status-publish","4":"format-standard","5":"has-post-thumbnail","7":"category-tv","8":"tag-entertainment","9":"tag-entretenimento","10":"tag-portugal","11":"tag-pt","12":"tag-tv"},"share_on_mastodon":{"url":"https:\/\/pubeurope.com\/@pt\/115709041920509395","error":""},"_links":{"self":[{"href":"https:\/\/www.europesays.com\/pt\/wp-json\/wp\/v2\/posts\/186021","targetHints":{"allow":["GET"]}}],"collection":[{"href":"https:\/\/www.europesays.com\/pt\/wp-json\/wp\/v2\/posts"}],"about":[{"href":"https:\/\/www.europesays.com\/pt\/wp-json\/wp\/v2\/types\/post"}],"author":[{"embeddable":true,"href":"https:\/\/www.europesays.com\/pt\/wp-json\/wp\/v2\/users\/2"}],"replies":[{"embeddable":true,"href":"https:\/\/www.europesays.com\/pt\/wp-json\/wp\/v2\/comments?post=186021"}],"version-history":[{"count":0,"href":"https:\/\/www.europesays.com\/pt\/wp-json\/wp\/v2\/posts\/186021\/revisions"}],"wp:featuredmedia":[{"embeddable":true,"href":"https:\/\/www.europesays.com\/pt\/wp-json\/wp\/v2\/media\/155737"}],"wp:attachment":[{"href":"https:\/\/www.europesays.com\/pt\/wp-json\/wp\/v2\/media?parent=186021"}],"wp:term":[{"taxonomy":"category","embeddable":true,"href":"https:\/\/www.europesays.com\/pt\/wp-json\/wp\/v2\/categories?post=186021"},{"taxonomy":"post_tag","embeddable":true,"href":"https:\/\/www.europesays.com\/pt\/wp-json\/wp\/v2\/tags?post=186021"}],"curies":[{"name":"wp","href":"https:\/\/api.w.org\/{rel}","templated":true}]}}