{"id":186026,"date":"2025-12-12T22:53:14","date_gmt":"2025-12-12T22:53:14","guid":{"rendered":"https:\/\/www.europesays.com\/pt\/186026\/"},"modified":"2025-12-12T22:53:14","modified_gmt":"2025-12-12T22:53:14","slug":"aids-e-hiv-veja-o-que-diferencia-cada-condicao","status":"publish","type":"post","link":"https:\/\/www.europesays.com\/pt\/186026\/","title":{"rendered":"Aids e HIV: veja o que diferencia cada condi\u00e7\u00e3o\u00a0"},"content":{"rendered":"<p><img fetchpriority=\"high\" decoding=\"async\" class=\"w-fit lg:w-full\" loading=\"eager\" src=\"https:\/\/www.europesays.com\/pt\/wp-content\/uploads\/2025\/12\/5563812_46b8972ce5e2438.jpg\" title=\"Hafiez Razali \/ Shutterstock | Portal EdiCase\" alt=\"Hafiez Razali \/ Shutterstock | Portal EdiCase\" width=\"700\" height=\"477\"\/>Embora relacionadas, as duas condi\u00e7\u00f5es n\u00e3o correspondem ao mesmo quadro cl\u00ednico nem ao mesmo est\u00e1gio de sa\u00fade Hafiez Razali \/ Shutterstock | Portal EdiCase<\/p>\n<p>Aids e HIV (V\u00edrus da Imunodefici\u00eancia Humana) ainda geram confus\u00e3o mesmo em um cen\u00e1rio de avan\u00e7os cient\u00edficos e acesso ampliado \u00e0 informa\u00e7\u00e3o. Dados do Programa Conjunto das Na\u00e7\u00f5es Unidas sobre HIV\/AIDS (UNAIDS) indicam que 40,8 milh\u00f5es de pessoas vivem com HIV em todo o mundo, o que torna o tema uma quest\u00e3o central de sa\u00fade p\u00fablica.<\/p>\n<p>A Aids e o HIV n\u00e3o representam a mesma situa\u00e7\u00e3o cl\u00ednica, embora frequentemente sejam tratados como sin\u00f4nimos. Ser soropositivo (ter HIV) n\u00e3o implica, necessariamente, o desenvolvimento da s\u00edndrome Aids. Por isso, abaixo, a infectologista Simone Sena Fernandes, do dr.consulta, explica as diferen\u00e7as entre as condi\u00e7\u00f5es e a import\u00e2ncia do diagn\u00f3stico e do tratamento. Confira!<\/p>\n<p><strong>HIV \u00e9 o v\u00edrus; Aids, a s\u00edndrome<\/strong><\/p>\n<p>O HIV, v\u00edrus da imunodefici\u00eancia humana, \u00e9 transmitido principalmente por rela\u00e7\u00f5es sexuais desprotegidas, compartilhamento de seringas ou instrumentos cortantes contaminados, transfus\u00e3o de sangue infectado e, em alguns casos, de m\u00e3e para filho durante a <strong>gesta\u00e7\u00e3o<\/strong>, o parto ou a amamenta\u00e7\u00e3o. Uma vez no organismo, o v\u00edrus invade e destr\u00f3i c\u00e9lulas de defesa de forma progressiva.<\/p>\n<p>Na fase inicial da infec\u00e7\u00e3o, muitos indiv\u00edduos n\u00e3o apresentam sintomas ou percebem apenas sinais inespec\u00edficos, como mal-estar passageiro. Assim, \u00e9 poss\u00edvel viver anos sem saber da presen\u00e7a do v\u00edrus. A Aids, por sua vez, surge quando o sistema imunol\u00f3gico j\u00e1 foi amplamente comprometido pela a\u00e7\u00e3o cont\u00ednua do HIV, deixando o organismo vulner\u00e1vel a outras doen\u00e7as e at\u00e9 a determinados tipos de c\u00e2ncer.<\/p>\n<p><img decoding=\"async\" class=\"w-fit lg:w-full\" loading=\"eager\" src=\"https:\/\/www.europesays.com\/pt\/wp-content\/uploads\/2025\/12\/5563813_cfabea45120d3f8.jpg\" title=\"Pixel-Shot \/ Shutterstock | Portal EdiCase\" alt=\"Pixel-Shot \/ Shutterstock | Portal EdiCase\" width=\"700\" height=\"477\"\/>Os antirretrovirais atuam impedindo a replica\u00e7\u00e3o do HIV, protegendo as c\u00e9lulas de defesa e reduzindo o risco de progress\u00e3o para a Aids Pixel-Shot \/ Shutterstock | Portal EdiCase<\/p>\n<p><strong>Tratamento reduz danos e impede a progress\u00e3o para Aids<\/strong><\/p>\n<p>Os antirretrovirais \u2014 medicamentos usados no tratamento \u2014 bloqueiam a multiplica\u00e7\u00e3o do HIV, preservando as c\u00e9lulas de defesa e evitando que a infec\u00e7\u00e3o evolua para a Aids. Para quem j\u00e1 desenvolveu a s\u00edndrome, a terapia tamb\u00e9m \u00e9 capaz de recuperar o sistema imune ao longo do tempo.<\/p>\n<p>No Brasil, o acesso ao tratamento \u00e9 universal e <strong>gratuito pelo Sistema \u00danico de Sa\u00fade (SUS)<\/strong>. As medica\u00e7\u00f5es atuais s\u00e3o mais eficazes, seguras e apresentam menos efeitos colaterais do que as utilizadas no in\u00edcio da epidemia. Embora ainda n\u00e3o exista cura, \u00e9 poss\u00edvel manter o v\u00edrus sob controle. Pacientes em tratamento adequado costumam atingir carga viral indetect\u00e1vel, o que reduz significativamente o risco de transmiss\u00e3o.<\/p>\n<p><strong>Desafios no diagn\u00f3stico<\/strong><\/p>\n<p>Mesmo com avan\u00e7os, o medo do estigma ainda afasta muitas pessoas da testagem. Estimativas apontam que cerca de 112 mil brasileiros vivem com HIV sem saber. Para ampliar o acesso ao diagn\u00f3stico, o autoteste est\u00e1 dispon\u00edvel em farm\u00e1cias desde 2017, permitindo que o resultado seja obtido em cerca de 20 minutos. O ideal \u00e9 realiz\u00e1-lo 30 dias ap\u00f3s uma poss\u00edvel exposi\u00e7\u00e3o de risco, per\u00edodo necess\u00e1rio para que o organismo produza anticorpos detect\u00e1veis.<\/p>\n<p><strong>Preven\u00e7\u00e3o antes e depois da exposi\u00e7\u00e3o<\/strong><\/p>\n<p>Para situa\u00e7\u00f5es de risco recente, existe a profilaxia p\u00f3s-exposi\u00e7\u00e3o (PEP), que deve ser iniciada em at\u00e9 72 horas ap\u00f3s a rela\u00e7\u00e3o sexual desprotegida ou outro tipo de exposi\u00e7\u00e3o, mediante avalia\u00e7\u00e3o em um servi\u00e7o de sa\u00fade. J\u00e1 a profilaxia pr\u00e9-exposi\u00e7\u00e3o (PrEP) \u00e9 recomendada para pessoas com maior vulnerabilidade ao HIV.<\/p>\n<p>Ap\u00f3s exames e avalia\u00e7\u00e3o m\u00e9dica, o indiv\u00edduo pode iniciar medicamentos de a\u00e7\u00e3o antirretroviral para evitar o cont\u00e1gio antes que ocorra a exposi\u00e7\u00e3o. A profilaxia pr\u00e9-exposi\u00e7\u00e3o para o HIV est\u00e1 dispon\u00edvel para retirada no SUS mediante cadastro e prescri\u00e7\u00e3o, mas tamb\u00e9m \u00e9 comercializada nas farm\u00e1cias e drogarias mediante prescri\u00e7\u00e3o m\u00e9dica.<\/p>\n<p>Com tratamento adequado, acompanhamento m\u00e9dico e acesso a <strong>m\u00e9todos preventivos<\/strong>, \u00e9 poss\u00edvel viver com o HIV de forma saud\u00e1vel e segura. O avan\u00e7o da medicina e das pol\u00edticas p\u00fablicas refor\u00e7a um ponto essencial: a informa\u00e7\u00e3o continua sendo a principal arma contra o v\u00edrus \u2014 e contra o preconceito que o cerca.<\/p>\n","protected":false},"excerpt":{"rendered":"Embora relacionadas, as duas condi\u00e7\u00f5es n\u00e3o correspondem ao mesmo quadro cl\u00ednico nem ao mesmo est\u00e1gio de sa\u00fade Hafiez&hellip;\n","protected":false},"author":2,"featured_media":186027,"comment_status":"","ping_status":"","sticky":false,"template":"","format":"standard","meta":{"footnotes":""},"categories":[86],"tags":[4227,116,32,33,117],"class_list":{"0":"post-186026","1":"post","2":"type-post","3":"status-publish","4":"format-standard","5":"has-post-thumbnail","7":"category-saude","8":"tag-edi-case","9":"tag-health","10":"tag-portugal","11":"tag-pt","12":"tag-saude"},"share_on_mastodon":{"url":"https:\/\/pubeurope.com\/@pt\/115709058005901771","error":""},"_links":{"self":[{"href":"https:\/\/www.europesays.com\/pt\/wp-json\/wp\/v2\/posts\/186026","targetHints":{"allow":["GET"]}}],"collection":[{"href":"https:\/\/www.europesays.com\/pt\/wp-json\/wp\/v2\/posts"}],"about":[{"href":"https:\/\/www.europesays.com\/pt\/wp-json\/wp\/v2\/types\/post"}],"author":[{"embeddable":true,"href":"https:\/\/www.europesays.com\/pt\/wp-json\/wp\/v2\/users\/2"}],"replies":[{"embeddable":true,"href":"https:\/\/www.europesays.com\/pt\/wp-json\/wp\/v2\/comments?post=186026"}],"version-history":[{"count":0,"href":"https:\/\/www.europesays.com\/pt\/wp-json\/wp\/v2\/posts\/186026\/revisions"}],"wp:featuredmedia":[{"embeddable":true,"href":"https:\/\/www.europesays.com\/pt\/wp-json\/wp\/v2\/media\/186027"}],"wp:attachment":[{"href":"https:\/\/www.europesays.com\/pt\/wp-json\/wp\/v2\/media?parent=186026"}],"wp:term":[{"taxonomy":"category","embeddable":true,"href":"https:\/\/www.europesays.com\/pt\/wp-json\/wp\/v2\/categories?post=186026"},{"taxonomy":"post_tag","embeddable":true,"href":"https:\/\/www.europesays.com\/pt\/wp-json\/wp\/v2\/tags?post=186026"}],"curies":[{"name":"wp","href":"https:\/\/api.w.org\/{rel}","templated":true}]}}