{"id":186034,"date":"2025-12-12T22:59:05","date_gmt":"2025-12-12T22:59:05","guid":{"rendered":"https:\/\/www.europesays.com\/pt\/186034\/"},"modified":"2025-12-12T22:59:05","modified_gmt":"2025-12-12T22:59:05","slug":"transportes-escolas-e-lojas-fechadas-na-maior-greve-do-ano-noticias-de-coimbra","status":"publish","type":"post","link":"https:\/\/www.europesays.com\/pt\/186034\/","title":{"rendered":"Transportes, escolas e lojas fechadas na maior greve do ano \u2013 Not\u00edcias de Coimbra"},"content":{"rendered":"<p><strong>A Greve Geral desta quinta-feira, 11 de dezembro, provocou fortes perturba\u00e7\u00f5es em v\u00e1rios setores na cidade de Coimbra, com especial impacto nos transportes, sa\u00fade e educa\u00e7\u00e3o, segundo o primeiro balan\u00e7o feito por Lu\u00edsa Silva, coordenadora da Uni\u00e3o de Sindicatos de Coimbra, afeta \u00e0 CGTP.<\/strong><\/p>\n<p>Segundo a dirigente, nos transportes municipais, \u201cos SMTUC registaram uma paragem a rondar os 80%\u201d, enquanto o SIT, uma empresa mais recente no concelho, \u201ctamb\u00e9m [teve] \u00e0 volta dos 80% parado, o que \u00e9 uma coisa extraordin\u00e1ria\u201d.<\/p>\n<p>PUBLICIDADE<\/p>\n<p>\t\t\t\t\t\t<a class=\"publicidade-imagem d-flex justify-content-center\" href=\"https:\/\/www.facebook.com\/ufcoimbra\" rel=\"nofollow noopener\" target=\"_blank\"><br \/>\n\t\t\t\t\t\t  <img loading=\"lazy\" width=\"980\" height=\"350\" decoding=\"async\" src=\"https:\/\/www.europesays.com\/pt\/wp-content\/uploads\/2025\/11\/NATALCOIMBRA-2025.jpg\" alt=\"publicidade\" class=\"img-fluid\"\/><br \/>\n\t\t\t\t\t\t<\/a><\/p>\n<p>Na \u00e1rea da sa\u00fade, a ades\u00e3o tamb\u00e9m foi elevada. \u201cNos hospitais temos os UCs com 80% e os Cov\u00f5es a 100%, claro, a funcionarem com servi\u00e7os m\u00ednimos\u201d, afirmou.<\/p>\n<p>A educa\u00e7\u00e3o foi outro dos setores muito afetados. \u201cTemos uma s\u00e9rie de escolas encerradas, isto est\u00e1 muito bom\u201d, referiu a respons\u00e1vel sindical. Tamb\u00e9m no com\u00e9rcio e grande distribui\u00e7\u00e3o houve forte impacto: \u201cTemos muitos supermercados encerrados, lojas fechadas no Alma Shopping \u2014 foi a primeira vez \u2014 e trabalhadores a pedirem para estarmos com eles \u00e0 porta a fazer piquetes de greve\u201d. <\/p>\n<p>(EM ATUALIZA\u00c7\u00c3O)<\/p>\n","protected":false},"excerpt":{"rendered":"A Greve Geral desta quinta-feira, 11 de dezembro, provocou fortes perturba\u00e7\u00f5es em v\u00e1rios setores na cidade de Coimbra,&hellip;\n","protected":false},"author":2,"featured_media":186035,"comment_status":"","ping_status":"","sticky":false,"template":"","format":"standard","meta":{"footnotes":""},"categories":[10],"tags":[27,28,15,16,14,25,26,21,22,12,13,19,20,32,23,24,33,17,18,29,30,31],"class_list":{"0":"post-186034","1":"post","2":"type-post","3":"status-publish","4":"format-standard","5":"has-post-thumbnail","7":"category-portugal","8":"tag-breaking-news","9":"tag-breakingnews","10":"tag-featured-news","11":"tag-featurednews","12":"tag-headlines","13":"tag-latest-news","14":"tag-latestnews","15":"tag-main-news","16":"tag-mainnews","17":"tag-news","18":"tag-noticias","19":"tag-noticias-principais","20":"tag-noticiasprincipais","21":"tag-portugal","22":"tag-principais-noticias","23":"tag-principaisnoticias","24":"tag-pt","25":"tag-top-stories","26":"tag-topstories","27":"tag-ultimas","28":"tag-ultimas-noticias","29":"tag-ultimasnoticias"},"share_on_mastodon":{"url":"https:\/\/pubeurope.com\/@pt\/115709081557324998","error":""},"_links":{"self":[{"href":"https:\/\/www.europesays.com\/pt\/wp-json\/wp\/v2\/posts\/186034","targetHints":{"allow":["GET"]}}],"collection":[{"href":"https:\/\/www.europesays.com\/pt\/wp-json\/wp\/v2\/posts"}],"about":[{"href":"https:\/\/www.europesays.com\/pt\/wp-json\/wp\/v2\/types\/post"}],"author":[{"embeddable":true,"href":"https:\/\/www.europesays.com\/pt\/wp-json\/wp\/v2\/users\/2"}],"replies":[{"embeddable":true,"href":"https:\/\/www.europesays.com\/pt\/wp-json\/wp\/v2\/comments?post=186034"}],"version-history":[{"count":0,"href":"https:\/\/www.europesays.com\/pt\/wp-json\/wp\/v2\/posts\/186034\/revisions"}],"wp:featuredmedia":[{"embeddable":true,"href":"https:\/\/www.europesays.com\/pt\/wp-json\/wp\/v2\/media\/186035"}],"wp:attachment":[{"href":"https:\/\/www.europesays.com\/pt\/wp-json\/wp\/v2\/media?parent=186034"}],"wp:term":[{"taxonomy":"category","embeddable":true,"href":"https:\/\/www.europesays.com\/pt\/wp-json\/wp\/v2\/categories?post=186034"},{"taxonomy":"post_tag","embeddable":true,"href":"https:\/\/www.europesays.com\/pt\/wp-json\/wp\/v2\/tags?post=186034"}],"curies":[{"name":"wp","href":"https:\/\/api.w.org\/{rel}","templated":true}]}}