{"id":186042,"date":"2025-12-12T23:07:13","date_gmt":"2025-12-12T23:07:13","guid":{"rendered":"https:\/\/www.europesays.com\/pt\/186042\/"},"modified":"2025-12-12T23:07:13","modified_gmt":"2025-12-12T23:07:13","slug":"o-benfica-queria-bruno-fernandes-confirma-interesse-apos-ataque-a-alcochete","status":"publish","type":"post","link":"https:\/\/www.europesays.com\/pt\/186042\/","title":{"rendered":"\u00abO Benfica queria&#8230;\u00bb: Bruno Fernandes confirma interesse ap\u00f3s ataque a Alcochete"},"content":{"rendered":"<p>Bruno Fernandes confirma ter existido o interesse do Benfica na sua contrata\u00e7\u00e3o, ap\u00f3s ter rescindido com o Sporting no ver\u00e3o \u00abquente\u00bb de 2018, com o ataque \u00e0 Academia de Alcochete e a vaga de sa\u00eddas no emblema leonino.<\/p>\n<p>Em declara\u00e7\u00f5es ao Canal 11, o internacional portugu\u00eas recorda o contrato \u00abmuito tentador\u00bb que recebeu por parte do clube (na altura) liderado por Lu\u00eds Filipe Vieira e refere que a possibilidade de rumar aos encarnados foi real.<\/p>\n<p>\u00abHouve essa possibilidade. O Benfica queria. Financeiramente, era muito tentador mudar para o Benfica. Acredito que, mesmo at\u00e9 hoje, foram muito poucos os jogadores que tiveram a oferta que eu tive. A n\u00edvel financeiro era um contrato melhor do que o primeiro que tive aqui (Man. United)\u00bb, afirma.<\/p>\n<p><strong>Assista aqui \u00e0s declara\u00e7\u00f5es de Bruno Fernandes:<\/strong>\u00a0<\/p>\n<p>Recorde-se que, em 2018, o m\u00e9dio portugu\u00eas assumiu que n\u00e3o foi por falta de projetos financeiros que voltou ao clube e que tinha regressado com as mesmas \u00abcondi\u00e7\u00f5es\u00bb no contrato que j\u00e1 tinha assinado. Bruno Fernandes admitiu ter rejeitado o contrato \u00abmelhorado\u00bb pelo seu empres\u00e1rio e recusou-se a falar sobre o eventual interesse do Benfica.<\/p>\n<p>Al\u00e9m disso, Bruno Fernandes n\u00e3o teria sido o \u00fanico jogador do Sporting que interessava a Lu\u00eds Filipe Vieira, mas Sousa Cintra (antigo presidente da SAD leonina) impediu que tal acontecesse.\u00a0<\/p>\n","protected":false},"excerpt":{"rendered":"Bruno Fernandes confirma ter existido o interesse do Benfica na sua contrata\u00e7\u00e3o, ap\u00f3s ter rescindido com o Sporting&hellip;\n","protected":false},"author":2,"featured_media":186043,"comment_status":"","ping_status":"","sticky":false,"template":"","format":"standard","meta":{"footnotes":""},"categories":[87],"tags":[51,5532,135,5049,46,32,33,47,37798,34,134],"class_list":{"0":"post-186042","1":"post","2":"type-post","3":"status-publish","4":"format-standard","5":"has-post-thumbnail","7":"category-desporto","8":"tag-benfica","9":"tag-bruno-fernandes","10":"tag-desporto","11":"tag-luis-filipe-vieira","12":"tag-maisfutebol","13":"tag-portugal","14":"tag-pt","15":"tag-pura-paixao","16":"tag-sousa-cintra","17":"tag-sporting","18":"tag-sports"},"share_on_mastodon":{"url":"https:\/\/pubeurope.com\/@pt\/115709112775045659","error":""},"_links":{"self":[{"href":"https:\/\/www.europesays.com\/pt\/wp-json\/wp\/v2\/posts\/186042","targetHints":{"allow":["GET"]}}],"collection":[{"href":"https:\/\/www.europesays.com\/pt\/wp-json\/wp\/v2\/posts"}],"about":[{"href":"https:\/\/www.europesays.com\/pt\/wp-json\/wp\/v2\/types\/post"}],"author":[{"embeddable":true,"href":"https:\/\/www.europesays.com\/pt\/wp-json\/wp\/v2\/users\/2"}],"replies":[{"embeddable":true,"href":"https:\/\/www.europesays.com\/pt\/wp-json\/wp\/v2\/comments?post=186042"}],"version-history":[{"count":0,"href":"https:\/\/www.europesays.com\/pt\/wp-json\/wp\/v2\/posts\/186042\/revisions"}],"wp:featuredmedia":[{"embeddable":true,"href":"https:\/\/www.europesays.com\/pt\/wp-json\/wp\/v2\/media\/186043"}],"wp:attachment":[{"href":"https:\/\/www.europesays.com\/pt\/wp-json\/wp\/v2\/media?parent=186042"}],"wp:term":[{"taxonomy":"category","embeddable":true,"href":"https:\/\/www.europesays.com\/pt\/wp-json\/wp\/v2\/categories?post=186042"},{"taxonomy":"post_tag","embeddable":true,"href":"https:\/\/www.europesays.com\/pt\/wp-json\/wp\/v2\/tags?post=186042"}],"curies":[{"name":"wp","href":"https:\/\/api.w.org\/{rel}","templated":true}]}}