{"id":186054,"date":"2025-12-12T23:18:24","date_gmt":"2025-12-12T23:18:24","guid":{"rendered":"https:\/\/www.europesays.com\/pt\/186054\/"},"modified":"2025-12-12T23:18:24","modified_gmt":"2025-12-12T23:18:24","slug":"ja-sabemos-em-que-canal-vai-dar-o-sozinho-em-casa-espreite-a-programacao-com-este-e-outros-classicos-de-natal-televisao","status":"publish","type":"post","link":"https:\/\/www.europesays.com\/pt\/186054\/","title":{"rendered":"J\u00e1 sabemos em que canal vai dar o &#8220;Sozinho em Casa&#8221;. Espreite a programa\u00e7\u00e3o com este e outros cl\u00e1ssicos de Natal &#8211; Televis\u00e3o"},"content":{"rendered":"<p data-start=\"264\" data-end=\"497\">O Natal na SIC volta a ser sin\u00f3nimo de cinema para toda a fam\u00edlia. Entre os t\u00edtulos confirmados, h\u00e1 cl\u00e1ssicos que continuam a encantar gera\u00e7\u00f5es e algumas estreias em canal aberto que prometem novidades para os espectadores.<\/p>\n<p data-start=\"499\" data-end=\"731\">Como manda a tradi\u00e7\u00e3o, <strong>os filmes da saga &#8220;Sozinho em Casa&#8221; v\u00e3o marcar presen\u00e7a,<\/strong> com os tr\u00eas primeiros t\u00edtulos a serem exibidos, garantindo momentos de nostalgia e muitas gargalhadas com as aventuras de Kevin McCallister.<\/p>\n<p data-start=\"733\" data-end=\"968\">Para os f\u00e3s de anima\u00e7\u00e3o, destaque para &#8220;Frozen&#8221; e &#8220;Frozen II&#8221;, que continuam a encantar mi\u00fados e gra\u00fados, e para <strong>a estreia em canal aberto de &#8220;A Pequena Sereia&#8221; (2023),<\/strong> que promete conquistar uma nova gera\u00e7\u00e3o de espectadores.<\/p>\n<p data-start=\"970\" data-end=\"1314\">Entre as estreias de aventura e a\u00e7\u00e3o, <strong>a SIC traz ainda &#8220;Velocidade Furiosa 10&#8221;, enquanto &#8220;Mulan&#8221; (2020)<\/strong> oferece uma nova adapta\u00e7\u00e3o de um cl\u00e1ssico da Disney. Entre os cl\u00e1ssicos que n\u00e3o podem faltar na quadra natal\u00edcia est\u00e3o tamb\u00e9m &#8220;Grinch&#8221; (2000) e &#8220;O Pr\u00edncipe Volta a Nova Iorque&#8221; (2021), filmes que continuam a fazer sucesso ano ap\u00f3s ano.<\/p>\n<p data-start=\"970\" data-end=\"1314\">A esta\u00e7\u00e3o ainda n\u00e3o divulgou dias e hor\u00e1rios para todos os filmes, mas garante programa\u00e7\u00e3o para o Natal para toda a fam\u00edlia.<\/p>\n<p>Espreite os filmes que v\u00e3o passar na SIC                        <\/p>\n","protected":false},"excerpt":{"rendered":"O Natal na SIC volta a ser sin\u00f3nimo de cinema para toda a fam\u00edlia. Entre os t\u00edtulos confirmados,&hellip;\n","protected":false},"author":2,"featured_media":186055,"comment_status":"","ping_status":"","sticky":false,"template":"","format":"standard","meta":{"footnotes":""},"categories":[142],"tags":[114,115,32,33,151],"class_list":{"0":"post-186054","1":"post","2":"type-post","3":"status-publish","4":"format-standard","5":"has-post-thumbnail","7":"category-tv","8":"tag-entertainment","9":"tag-entretenimento","10":"tag-portugal","11":"tag-pt","12":"tag-tv"},"share_on_mastodon":{"url":"https:\/\/pubeurope.com\/@pt\/115709155924729869","error":""},"_links":{"self":[{"href":"https:\/\/www.europesays.com\/pt\/wp-json\/wp\/v2\/posts\/186054","targetHints":{"allow":["GET"]}}],"collection":[{"href":"https:\/\/www.europesays.com\/pt\/wp-json\/wp\/v2\/posts"}],"about":[{"href":"https:\/\/www.europesays.com\/pt\/wp-json\/wp\/v2\/types\/post"}],"author":[{"embeddable":true,"href":"https:\/\/www.europesays.com\/pt\/wp-json\/wp\/v2\/users\/2"}],"replies":[{"embeddable":true,"href":"https:\/\/www.europesays.com\/pt\/wp-json\/wp\/v2\/comments?post=186054"}],"version-history":[{"count":0,"href":"https:\/\/www.europesays.com\/pt\/wp-json\/wp\/v2\/posts\/186054\/revisions"}],"wp:featuredmedia":[{"embeddable":true,"href":"https:\/\/www.europesays.com\/pt\/wp-json\/wp\/v2\/media\/186055"}],"wp:attachment":[{"href":"https:\/\/www.europesays.com\/pt\/wp-json\/wp\/v2\/media?parent=186054"}],"wp:term":[{"taxonomy":"category","embeddable":true,"href":"https:\/\/www.europesays.com\/pt\/wp-json\/wp\/v2\/categories?post=186054"},{"taxonomy":"post_tag","embeddable":true,"href":"https:\/\/www.europesays.com\/pt\/wp-json\/wp\/v2\/tags?post=186054"}],"curies":[{"name":"wp","href":"https:\/\/api.w.org\/{rel}","templated":true}]}}