{"id":186060,"date":"2025-12-12T23:22:30","date_gmt":"2025-12-12T23:22:30","guid":{"rendered":"https:\/\/www.europesays.com\/pt\/186060\/"},"modified":"2025-12-12T23:22:30","modified_gmt":"2025-12-12T23:22:30","slug":"prefeitura-informa-sobre-os-numeros","status":"publish","type":"post","link":"https:\/\/www.europesays.com\/pt\/186060\/","title":{"rendered":"Prefeitura informa sobre os n\u00fameros&#8230;"},"content":{"rendered":"<p>&#13;<br \/>\n                                            Dose \u00fanica segue dispon\u00edvel para as gestantes nas salas de vacinas &#13;\n                                        <\/p>\n<p>                                            A Prefeitura de Divin\u00f3polis, por meio da Secretaria Municipal de Sa\u00fade (Semusa), informa que, at\u00e9 a data desta quinta-feira (11\/12), \u00a0295 gestantes j\u00e1 haviam sido devidamente vacinadas no munic\u00edpio contra o V\u00edrus Sincicial Respirat\u00f3rio (VSR).\u00a0<\/p>\n<p>Com a incorpora\u00e7\u00e3o da vacina no calend\u00e1rio oficial da rotina de gestantes, Divin\u00f3polis recebeu um carregamento inicial de 678 doses que ficar\u00e1 dispon\u00edvel rotineiramente nas salas de vacina com previs\u00e3o de chegada de novas remessas.\u00a0<\/p>\n<p>A dose \u00fanica desta vacina a partir da 28\u00aa semana de gesta\u00e7\u00e3o &#8211; sem restri\u00e7\u00e3o de idade materna &#8211; \u00e9 fundamental por prever a produ\u00e7\u00e3o de anticorpos que ser\u00e3o transmitidos para o beb\u00ea, promovendo prote\u00e7\u00e3o pelos seis primeiros meses de vida, contra o v\u00edrus que se enquadra como a principal causa das infec\u00e7\u00f5es do trato respirat\u00f3rio inferior em crian\u00e7as menores de dois anos.<\/p>\n<p>A Prefeitura e a Semusa refor\u00e7am a import\u00e2ncia da vacina para a sa\u00fade da crian\u00e7a, assim como ressaltam a contraindica\u00e7\u00e3o apenas para gestantes com quadro febril ou hist\u00f3rico de alergia a componentes da f\u00f3rmula.                                        <\/p>\n","protected":false},"excerpt":{"rendered":"&#13; Dose \u00fanica segue dispon\u00edvel para as gestantes nas salas de vacinas &#13; A Prefeitura de Divin\u00f3polis, por&hellip;\n","protected":false},"author":2,"featured_media":186061,"comment_status":"","ping_status":"","sticky":false,"template":"","format":"standard","meta":{"footnotes":""},"categories":[86],"tags":[116,32,33,117],"class_list":{"0":"post-186060","1":"post","2":"type-post","3":"status-publish","4":"format-standard","5":"has-post-thumbnail","7":"category-saude","8":"tag-health","9":"tag-portugal","10":"tag-pt","11":"tag-saude"},"share_on_mastodon":{"url":"https:\/\/pubeurope.com\/@pt\/115709171682930699","error":""},"_links":{"self":[{"href":"https:\/\/www.europesays.com\/pt\/wp-json\/wp\/v2\/posts\/186060","targetHints":{"allow":["GET"]}}],"collection":[{"href":"https:\/\/www.europesays.com\/pt\/wp-json\/wp\/v2\/posts"}],"about":[{"href":"https:\/\/www.europesays.com\/pt\/wp-json\/wp\/v2\/types\/post"}],"author":[{"embeddable":true,"href":"https:\/\/www.europesays.com\/pt\/wp-json\/wp\/v2\/users\/2"}],"replies":[{"embeddable":true,"href":"https:\/\/www.europesays.com\/pt\/wp-json\/wp\/v2\/comments?post=186060"}],"version-history":[{"count":0,"href":"https:\/\/www.europesays.com\/pt\/wp-json\/wp\/v2\/posts\/186060\/revisions"}],"wp:featuredmedia":[{"embeddable":true,"href":"https:\/\/www.europesays.com\/pt\/wp-json\/wp\/v2\/media\/186061"}],"wp:attachment":[{"href":"https:\/\/www.europesays.com\/pt\/wp-json\/wp\/v2\/media?parent=186060"}],"wp:term":[{"taxonomy":"category","embeddable":true,"href":"https:\/\/www.europesays.com\/pt\/wp-json\/wp\/v2\/categories?post=186060"},{"taxonomy":"post_tag","embeddable":true,"href":"https:\/\/www.europesays.com\/pt\/wp-json\/wp\/v2\/tags?post=186060"}],"curies":[{"name":"wp","href":"https:\/\/api.w.org\/{rel}","templated":true}]}}