{"id":186066,"date":"2025-12-12T23:32:11","date_gmt":"2025-12-12T23:32:11","guid":{"rendered":"https:\/\/www.europesays.com\/pt\/186066\/"},"modified":"2025-12-12T23:32:11","modified_gmt":"2025-12-12T23:32:11","slug":"benfica-revelados-valores-da-oferta-do-river-por-prestianni","status":"publish","type":"post","link":"https:\/\/www.europesays.com\/pt\/186066\/","title":{"rendered":"Benfica: revelados valores da oferta do River por Prestianni"},"content":{"rendered":"<p>O <a class=\"autolink-enabled\" data-resource-id=\"147\" data-resource-type=\"team\" data-sport=\"football\" href=\"https:\/\/www.abola.pt\/futebol\/river-plate-147\" rel=\"nofollow noopener\" target=\"_blank\">River<\/a> Plantel entrou informalmente em contacto com o <a class=\"autolink-enabled\" data-resource-id=\"450\" data-resource-type=\"team\" data-sport=\"football\" href=\"https:\/\/www.abola.pt\/futebol\/benfica-450\" rel=\"nofollow noopener\" target=\"_blank\">Benfica<\/a> para sondar sobre a possibilidade de negociar um empr\u00e9stimo, com op\u00e7\u00e3o de compra, do extremo de 19 anos Gianluca\u00a0<a class=\"autolink-enabled\" data-resource-id=\"258465\" data-resource-type=\"player\" data-sport=\"football\" href=\"https:\/\/www.abola.pt\/futebol\/jogador\/prestianni-258465\" rel=\"nofollow noopener\" target=\"_blank\">Prestianni<\/a>.<\/p>\n<p>Segundo o canal televisivo argentino\u00a0TyC\u00a0Sports, o clube de Buenos Aires acena aos encarnados com uma taxa de empr\u00e9stimo\u00a0de quase um milh\u00e3o de euros e uma oferta de \u20ac4,3 milh\u00f5es pela compra de metade do passe do jogador. Mostrando disponibilidade para acordar antecipadamente a aquisi\u00e7\u00e3o dos restantes 50 por cento.<\/p>\n<p>O neg\u00f3cio, por\u00e9m, e como A BOLA j\u00e1 noticiou, n\u00e3o seduz o <a class=\"autolink-enabled\" data-resource-id=\"450\" data-resource-type=\"team\" data-sport=\"football\" href=\"https:\/\/www.abola.pt\/futebol\/benfica-450\" rel=\"nofollow noopener\" target=\"_blank\">Benfica<\/a>. A SAD pagou \u20ac9,5 milh\u00f5es por\u00a0<a class=\"autolink-enabled\" data-resource-id=\"258465\" data-resource-type=\"player\" data-sport=\"football\" href=\"https:\/\/www.abola.pt\/futebol\/jogador\/prestianni-258465\" rel=\"nofollow noopener\" target=\"_blank\">Prestianni<\/a>\u00a0em janeiro de 2024, ao\u00a0Vel\u00e9z\u00a0Sarsfield, e\u00a0n\u00e3o v\u00ea com bons olhos um empr\u00e9stimo, sobretudo para fora da Europa.<\/p>\n<p>O futuro do jogador estar\u00e1, por\u00e9m, tamb\u00e9m dependente das movimenta\u00e7\u00f5es no plantel na reabertura do mercado para transfer\u00eancias, em janeiro, al\u00e9m do valor das ofertas que forem colocadas em cima da mesa pelo jogador.\u00a0<a class=\"autolink-enabled\" data-resource-id=\"258465\" data-resource-type=\"player\" data-sport=\"football\" href=\"https:\/\/www.abola.pt\/futebol\/jogador\/prestianni-258465\" rel=\"nofollow noopener\" target=\"_blank\">Prestianni<\/a>, recorde-se, foi considerado um dos melhores\u00a0jogadores da sele\u00e7\u00e3o sub-20 argentina no \u00faltimo Mundial da categoria e foi, inclusivamente, chamado \u00e0 sele\u00e7\u00e3o principal para a realiza\u00e7\u00e3o de um jogo particular com <a class=\"autolink-enabled\" data-resource-id=\"2138\" data-resource-type=\"team\" data-sport=\"football\" href=\"https:\/\/www.abola.pt\/futebol\/angola-2138\" rel=\"nofollow noopener\" target=\"_blank\">Angola<\/a>.\u00a0<a class=\"autolink-enabled\" data-resource-id=\"258465\" data-resource-type=\"player\" data-sport=\"football\" href=\"https:\/\/www.abola.pt\/futebol\/jogador\/prestianni-258465\" rel=\"nofollow noopener\" target=\"_blank\">Prestianni<\/a>\u00a0est\u00e1, portanto, muito valorizado.<\/p>\n<p>Segundo os argentinos, Prestianni est\u00e1 convencido a regressar \u00e0 Argentina, mas o Benfica resiste a este neg\u00f3cio, que ainda assim parece ganhar contornos mais concretos. Pelas \u00e1guias, esta \u00e9poca, o jovem atacante soma dois golos e uma assist\u00eancia em 16 jogos.<\/p>\n","protected":false},"excerpt":{"rendered":"O River Plantel entrou informalmente em contacto com o Benfica para sondar sobre a possibilidade de negociar um&hellip;\n","protected":false},"author":2,"featured_media":144155,"comment_status":"","ping_status":"","sticky":false,"template":"","format":"standard","meta":{"footnotes":""},"categories":[8],"tags":[27,28,15,16,14,25,26,21,22,12,13,19,20,32,23,24,33,17,18,29,30,31],"class_list":{"0":"post-186066","1":"post","2":"type-post","3":"status-publish","4":"format-standard","5":"has-post-thumbnail","7":"category-principais-noticias","8":"tag-breaking-news","9":"tag-breakingnews","10":"tag-featured-news","11":"tag-featurednews","12":"tag-headlines","13":"tag-latest-news","14":"tag-latestnews","15":"tag-main-news","16":"tag-mainnews","17":"tag-news","18":"tag-noticias","19":"tag-noticias-principais","20":"tag-noticiasprincipais","21":"tag-portugal","22":"tag-principais-noticias","23":"tag-principaisnoticias","24":"tag-pt","25":"tag-top-stories","26":"tag-topstories","27":"tag-ultimas","28":"tag-ultimas-noticias","29":"tag-ultimasnoticias"},"share_on_mastodon":{"url":"https:\/\/pubeurope.com\/@pt\/115709211108720328","error":""},"_links":{"self":[{"href":"https:\/\/www.europesays.com\/pt\/wp-json\/wp\/v2\/posts\/186066","targetHints":{"allow":["GET"]}}],"collection":[{"href":"https:\/\/www.europesays.com\/pt\/wp-json\/wp\/v2\/posts"}],"about":[{"href":"https:\/\/www.europesays.com\/pt\/wp-json\/wp\/v2\/types\/post"}],"author":[{"embeddable":true,"href":"https:\/\/www.europesays.com\/pt\/wp-json\/wp\/v2\/users\/2"}],"replies":[{"embeddable":true,"href":"https:\/\/www.europesays.com\/pt\/wp-json\/wp\/v2\/comments?post=186066"}],"version-history":[{"count":0,"href":"https:\/\/www.europesays.com\/pt\/wp-json\/wp\/v2\/posts\/186066\/revisions"}],"wp:featuredmedia":[{"embeddable":true,"href":"https:\/\/www.europesays.com\/pt\/wp-json\/wp\/v2\/media\/144155"}],"wp:attachment":[{"href":"https:\/\/www.europesays.com\/pt\/wp-json\/wp\/v2\/media?parent=186066"}],"wp:term":[{"taxonomy":"category","embeddable":true,"href":"https:\/\/www.europesays.com\/pt\/wp-json\/wp\/v2\/categories?post=186066"},{"taxonomy":"post_tag","embeddable":true,"href":"https:\/\/www.europesays.com\/pt\/wp-json\/wp\/v2\/tags?post=186066"}],"curies":[{"name":"wp","href":"https:\/\/api.w.org\/{rel}","templated":true}]}}