{"id":186081,"date":"2025-12-12T23:46:16","date_gmt":"2025-12-12T23:46:16","guid":{"rendered":"https:\/\/www.europesays.com\/pt\/186081\/"},"modified":"2025-12-12T23:46:16","modified_gmt":"2025-12-12T23:46:16","slug":"governo-insiste-na-guerra-de-numeros-sobre-a-greve-o-pais-trabalhou-greve-geral","status":"publish","type":"post","link":"https:\/\/www.europesays.com\/pt\/186081\/","title":{"rendered":"Governo insiste na guerra de n\u00fameros sobre a greve: \u201cO pa\u00eds trabalhou\u201d | Greve geral"},"content":{"rendered":"<p>O tom foi definido pelo pr\u00f3prio primeiro-ministro e pelo ministro da Presid\u00eancia no decorrer da greve geral desta quinta-feira, tendo ficando imortalizado no t\u00edtulo de um <a href=\"https:\/\/www.portugal.gov.pt\/pt\/gc25\/comunicacao\/noticia?i=greve-geral-o-pais-esta-a-trabalhar\" target=\"_blank\" rel=\"nofollow noopener\">artigo publicado<\/a> no portal do Governo: \u201cGreve geral \u2013 o pa\u00eds est\u00e1 a trabalhar.\u201d No dia seguinte \u00e0 paralisa\u00e7\u00e3o, os governantes continuar a relativizar os impactos da greve.<\/p>\n<p>O ministro de Estado e das Finan\u00e7as, desde Bruxelas, falou em \u201cpequenas situa\u00e7\u00f5es de alguns servi\u00e7os p\u00fablicos em que se sentiu algum efeito da greve\u201d, mas, \u201cno geral, o pa\u00eds trabalhou\u201d. Joaquim Miranda Sarmento acrescentou ainda, citado pela Lusa, que \u201cbasta ver que o consumo de electricidade esteve mais ou menos ao n\u00edvel daquilo que \u00e9 habitual num dia \u00fatil\u201d e que os levantamentos nos multibancos tamb\u00e9m n\u00e3o fugiram do padr\u00e3o. \u201cA maioria da administra\u00e7\u00e3o p\u00fablica esteve a trabalhar e a esmagadora maioria do sector privado esteve a trabalhar\u201d, acrescentou.<\/p>\n<p>A falar do sector que tutela, tamb\u00e9m em Bruxelas, o ministro da Agricultura e Pescas, Jos\u00e9 Manuel Fernandes, admitiu que \u201ca greve tem sempre impacto\u201d, mas que foi \u201cnot\u00f3rio que houve um reduzido impacto na iniciativa privada e nos agricultores\u201d. \u201cNunca deixam de trabalhar\u201d, vincou o ministro, em modo de elogio aos agricultores por n\u00e3o deixarem faltar \u201ccomida na mesa\u201d.<\/p>\n<p>J\u00e1 na \u00e1rea da sa\u00fade \u2013 com a Federa\u00e7\u00e3o Nacional dos M\u00e9dicos a falar numa <a href=\"https:\/\/www.publico.pt\/2025\/12\/11\/sociedade\/noticia\/federacao-medicos-fala-niveis-adesao-acima-90-2157740\" rel=\"nofollow noopener\" target=\"_blank\">ades\u00e3o<\/a> de 90% dos cl\u00ednicos \u00e0 paralisa\u00e7\u00e3o \u2013, a ministra foi abordada por jornalistas sobre o tema. Limitou-se a dizer que \u201co Governo j\u00e1 falou sobre essa mat\u00e9ria\u201d, subscrevendo \u201ctotalmente aquilo que o Governo disse\u201d.<\/p>\n<p>Por seu lado, Fernando Alexandre, ministro da Educa\u00e7\u00e3o, Ci\u00eancia e Inova\u00e7\u00e3o, reconheceu o impacto nas escolas, at\u00e9 como forma de desvalorizar a nova greve desta sexta-feira. &#8220;Tivemos 50% das escolas fechadas, ontem [quinta-feira] teve impacto no sector da educa\u00e7\u00e3o&#8221;, afirmou o governante, falando em 8% de escolas fechadas nesta sexta-feira na <a href=\"https:\/\/www.publico.pt\/2025\/12\/12\/sociedade\/noticia\/segundo-dia-greve-funcao-publica-75-adesao-educacao-2157811\" rel=\"nofollow noopener\" target=\"_blank\">greve de trabalhadores da fun\u00e7\u00e3o p\u00fablica<\/a>.<\/p>\n<p>E a governante com a pasta do Trabalho \u2013 que n\u00e3o teve agenda p\u00fablica nos \u00faltimos dias \u2013 <a href=\"https:\/\/www.publico.pt\/2025\/12\/12\/economia\/noticia\/governo-convoca-ugt-nova-reuniao-discutir-alteracoes-lei-laboral-2157837\" rel=\"nofollow noopener\" target=\"_blank\">enviou uma nota<\/a> \u00e0 Lusa para informar que, apesar da greve geral, que \u201cinterrompeu o processo negocial que estava em curso\u201d, convocou uma reuni\u00e3o para a pr\u00f3xima ter\u00e7a-feira para dar seguimento \u00e0s negocia\u00e7\u00f5es.<\/p>\n","protected":false},"excerpt":{"rendered":"O tom foi definido pelo pr\u00f3prio primeiro-ministro e pelo ministro da Presid\u00eancia no decorrer da greve geral desta&hellip;\n","protected":false},"author":2,"featured_media":186082,"comment_status":"","ping_status":"","sticky":false,"template":"","format":"standard","meta":{"footnotes":""},"categories":[8],"tags":[27,28,15,16,301,31789,14,25,26,21,22,37808,12,13,19,20,52,32,23,24,33,17,18,31790,29,30,31],"class_list":{"0":"post-186081","1":"post","2":"type-post","3":"status-publish","4":"format-standard","5":"has-post-thumbnail","7":"category-principais-noticias","8":"tag-breaking-news","9":"tag-breakingnews","10":"tag-featured-news","11":"tag-featurednews","12":"tag-governo","13":"tag-greve-geral","14":"tag-headlines","15":"tag-latest-news","16":"tag-latestnews","17":"tag-main-news","18":"tag-mainnews","19":"tag-ministra-do-trabalho-e-da-seguranca-social","20":"tag-news","21":"tag-noticias","22":"tag-noticias-principais","23":"tag-noticiasprincipais","24":"tag-politica","25":"tag-portugal","26":"tag-principais-noticias","27":"tag-principaisnoticias","28":"tag-pt","29":"tag-top-stories","30":"tag-topstories","31":"tag-ugt","32":"tag-ultimas","33":"tag-ultimas-noticias","34":"tag-ultimasnoticias"},"share_on_mastodon":{"url":"https:\/\/pubeurope.com\/@pt\/115709266211819206","error":""},"_links":{"self":[{"href":"https:\/\/www.europesays.com\/pt\/wp-json\/wp\/v2\/posts\/186081","targetHints":{"allow":["GET"]}}],"collection":[{"href":"https:\/\/www.europesays.com\/pt\/wp-json\/wp\/v2\/posts"}],"about":[{"href":"https:\/\/www.europesays.com\/pt\/wp-json\/wp\/v2\/types\/post"}],"author":[{"embeddable":true,"href":"https:\/\/www.europesays.com\/pt\/wp-json\/wp\/v2\/users\/2"}],"replies":[{"embeddable":true,"href":"https:\/\/www.europesays.com\/pt\/wp-json\/wp\/v2\/comments?post=186081"}],"version-history":[{"count":0,"href":"https:\/\/www.europesays.com\/pt\/wp-json\/wp\/v2\/posts\/186081\/revisions"}],"wp:featuredmedia":[{"embeddable":true,"href":"https:\/\/www.europesays.com\/pt\/wp-json\/wp\/v2\/media\/186082"}],"wp:attachment":[{"href":"https:\/\/www.europesays.com\/pt\/wp-json\/wp\/v2\/media?parent=186081"}],"wp:term":[{"taxonomy":"category","embeddable":true,"href":"https:\/\/www.europesays.com\/pt\/wp-json\/wp\/v2\/categories?post=186081"},{"taxonomy":"post_tag","embeddable":true,"href":"https:\/\/www.europesays.com\/pt\/wp-json\/wp\/v2\/tags?post=186081"}],"curies":[{"name":"wp","href":"https:\/\/api.w.org\/{rel}","templated":true}]}}