{"id":186101,"date":"2025-12-13T00:09:09","date_gmt":"2025-12-13T00:09:09","guid":{"rendered":"https:\/\/www.europesays.com\/pt\/186101\/"},"modified":"2025-12-13T00:09:09","modified_gmt":"2025-12-13T00:09:09","slug":"crystal-lake-serie-nao-e-um-slasher-diz-showrunner","status":"publish","type":"post","link":"https:\/\/www.europesays.com\/pt\/186101\/","title":{"rendered":"Crystal Lake | S\u00e9rie &#8220;n\u00e3o \u00e9 um slasher&#8221;, diz showrunner"},"content":{"rendered":"<p>  <img decoding=\"async\" src=\"https:\/\/cdn.ome.lt\/static\/omelete\/img\/loading.svg\" alt=\"\"\/><\/p>\n<p>  <img decoding=\"async\" class=\"article__cover__image\" data-lazy-src-mob=\"\/\/cdn.ome.lt\/mIK84D3tWmGdEwQXM0LSCpuwUU4=\/570x0\/smart\/filters:format(webp)\/uploads\/conteudo\/fotos\/pamela_rmauASt.jpg\" data-lazy-src=\"https:\/\/cdn.ome.lt\/YbEzPifNPSICmq4VHwpZlVujgp0=\/987x0\/smart\/filters:format(webp)\/uploads\/conteudo\/fotos\/pamela_rmauASt.jpg\" src=\"data:image\/png;base64,iVBORw0KGgoAAAANSUhEUgAAAAEAAAABCAQAAAC1HAwCAAAAC0lEQVR42mNkYAAAAAYAAjCB0C8AAAAASUVORK5CYII=\" alt=\"Pamela Voorhees\" title=\"Pamela Voorhees\" width=\"987\" height=\"555\" fetchpriority=\"high\"\/><\/p>\n<p class=\"article__cover__credits\">\n  Cr\u00e9ditos da imagem:<br \/>\n  Reprodu\u00e7\u00e3o\n<\/p>\n<p>Em entrevista \u00e0 publica\u00e7\u00e3o Entertainment Weekly, o showrunner <strong>Brad Caleb Kane<\/strong> detalhou a abordagem da s\u00e9rie <a href=\"https:\/\/www.omelete.com.br\/busca?q=crystal+lake\" rel=\"nofollow noopener\" target=\"_blank\"><strong>Crystal Lake<\/strong><\/a>, prequela da franquia Sexta-Feira 13. Kane afirmou que a produ\u00e7\u00e3o para a Peacock n\u00e3o ser\u00e1 &#8220;exatamente um slasher&#8221;, mas sim um &#8220;thriller psicol\u00f3gico&#8221; com DNA do g\u00eanero.<\/p>\n<p>&#8220;\u00c9 um thriller paran\u00f3ico dos anos 70. Tem todo o DNA de um slasher sem ser exatamente um slasher&#8221;, explicou Kane. &#8220;H\u00e1 rios de sangue no programa. H\u00e1 sequ\u00eancias de mortes muito engenhosas, mas tudo \u00e9 feito a servi\u00e7o do personagem, do tema, do lugar e do tempo.&#8221; A narrativa se concentrar\u00e1 em Pamela Voorhees, personagem que ser\u00e1 interpretada por <strong>Linda Cardellini<\/strong>, antes da morte de seu filho Jason no acampamento que d\u00e1 nome \u00e0 s\u00e9rie.<\/p>\n<p>            Continua depois da Publicidade<\/p>\n<p>Kane disse que a inspira\u00e7\u00e3o veio do contexto social da \u00e9poca em que o filme original foi lan\u00e7ado, em 1980. &#8220;Ele surgiu da era do thriller paran\u00f3ico dos anos 70. Surgiu da era da desconfian\u00e7a nas institui\u00e7\u00f5es, da liberta\u00e7\u00e3o das mulheres. Eu queria explorar todos esses temas&#8221;, afirmou. Na mitologia estabelecida pelo primeiro filme, Pamela \u00e9 a assassina que busca vingan\u00e7a pelo afogamento de Jason, morto por neglig\u00eancia dos monitores do acampamento.<\/p>\n<p>Kane assumiu o comando da s\u00e9rie em agosto de 2024, ap\u00f3s a sa\u00edda do<a href=\"https:\/\/www.omelete.com.br\/series-tv\/sexta-feira-13-serie-define-novo-showrunner\" rel=\"nofollow noopener\" target=\"_blank\"> showrunner original Bryan Fuller no ano anterior<\/a>.\u00a0<\/p>\n<p>    <strong>Tudo sobre Crystal Lake e os problemas de bastidores<\/strong><\/p>\n<p><strong>Linda Cardellini<\/strong>\u00a0vai protagonizar\u00a0Crystal Lake, um drama passado antes dos acontecimentos que deram in\u00edcio \u00e0 franquia de terror. A atriz ser\u00e1 Pamela Voorhees, a m\u00e3e do assassino imortal Jason Voorhees (e a pessoa respons\u00e1vel pelos assassinatos no filme original de 1980).\u00a0<strong>Callum Vinson<\/strong>\u00a0(Chucky) foi o escolhido para viver a vers\u00e3o jovem do ic\u00f4nico vil\u00e3o. Os detalhes da trama est\u00e3o a ser mantidos em segredo por enquanto.<\/p>\n<p>Crystal Lake\u00a0est\u00e1 em desenvolvimento h\u00e1 algum tempo. A\u00a0<strong>Peacock<\/strong>\u00a0encomendou a s\u00e9rie em 2022 e na \u00e9poca tinha\u00a0<strong>Bryan Fuller\u00a0<\/strong>(Hannibal) como\u00a0showrunner.\u00a0O cancelamento foi decis\u00e3o de\u00a0<strong>Ravi Nandan<\/strong>\u00a0e\u00a0<strong>Sam French<\/strong>, chefes de televis\u00e3o da A24, que demitiram o showrunner\u00a0Fuller<strong>\u00a0<\/strong>e\u00a0<strong>Jim Danger Gray<\/strong>,\u00a0dias depois de uma reuni\u00e3o com em que os executivos da plataforma de streaming elogiaram a vis\u00e3o dos roteiristas para a s\u00e9rie.<\/p>\n<p>De acordo com o relato de v\u00e1rias fontes da produ\u00e7\u00e3o, entrevistadas pelo The Wrap, os executivos da A24 n\u00e3o acreditavam na vis\u00e3o de Fuller e Gray, que propuseram reimaginar os quatro primeiros filmes da saga\u00a0Sexta-Feira 13\u00a0na nova s\u00e9rie &#8211; um longa por temporada.\u00a0O ve\u00edculo relatava ainda que os est\u00fadios j\u00e1 tinham contratado diretores (<strong>Kimberly Peirce<\/strong>\u00a0e\u00a0<strong>Vincenzo Natali<\/strong>), roteiristas (<strong>Kevin Williamson<\/strong>) e outros membros da equipe de bastidores para trabalhar nos epis\u00f3dios da primeira temporada, al\u00e9m de ter desembolsado US$ 300 mil para reservar est\u00fadios no Canad\u00e1 para uma filmagem de oito meses.<\/p>\n<p>            Continua depois da Publicidade<\/p>\n<p><strong>Brad Caleb Kane<\/strong>\u00a0(It: Bem-Vindo a Derry) entrou para a s\u00e9rie em agosto de 2024 e \u00e9 creditado como criador, escritor e showrunner, sugerindo que o material em que Fuller e outros escritores trabalharam n\u00e3o ser\u00e1 utilizado.<\/p>\n<p data-gtm-vis-first-on-screen67967661_30=\"22343\" data-gtm-vis-has-fired67967661_30=\"1\" data-gtm-vis-recent-on-screen67967661_30=\"22343\" data-gtm-vis-total-visible-time67967661_30=\"100\">Ainda n\u00e3o h\u00e1 previs\u00e3o de estreia para\u00a0<strong>Crystal Lake<\/strong>. A produ\u00e7\u00e3o \u00e9 do Peacock, um streaming que n\u00e3o existe no Brasil, ent\u00e3o seu lan\u00e7amento aqui deve ocorrer por outra plataforma.<\/p>\n","protected":false},"excerpt":{"rendered":"Cr\u00e9ditos da imagem: Reprodu\u00e7\u00e3o Em entrevista \u00e0 publica\u00e7\u00e3o Entertainment Weekly, o showrunner Brad Caleb Kane detalhou a abordagem&hellip;\n","protected":false},"author":2,"featured_media":186102,"comment_status":"","ping_status":"","sticky":false,"template":"","format":"standard","meta":{"footnotes":""},"categories":[142],"tags":[114,115,32,33,151],"class_list":{"0":"post-186101","1":"post","2":"type-post","3":"status-publish","4":"format-standard","5":"has-post-thumbnail","7":"category-tv","8":"tag-entertainment","9":"tag-entretenimento","10":"tag-portugal","11":"tag-pt","12":"tag-tv"},"share_on_mastodon":{"url":"https:\/\/pubeurope.com\/@pt\/115709356718588101","error":""},"_links":{"self":[{"href":"https:\/\/www.europesays.com\/pt\/wp-json\/wp\/v2\/posts\/186101","targetHints":{"allow":["GET"]}}],"collection":[{"href":"https:\/\/www.europesays.com\/pt\/wp-json\/wp\/v2\/posts"}],"about":[{"href":"https:\/\/www.europesays.com\/pt\/wp-json\/wp\/v2\/types\/post"}],"author":[{"embeddable":true,"href":"https:\/\/www.europesays.com\/pt\/wp-json\/wp\/v2\/users\/2"}],"replies":[{"embeddable":true,"href":"https:\/\/www.europesays.com\/pt\/wp-json\/wp\/v2\/comments?post=186101"}],"version-history":[{"count":0,"href":"https:\/\/www.europesays.com\/pt\/wp-json\/wp\/v2\/posts\/186101\/revisions"}],"wp:featuredmedia":[{"embeddable":true,"href":"https:\/\/www.europesays.com\/pt\/wp-json\/wp\/v2\/media\/186102"}],"wp:attachment":[{"href":"https:\/\/www.europesays.com\/pt\/wp-json\/wp\/v2\/media?parent=186101"}],"wp:term":[{"taxonomy":"category","embeddable":true,"href":"https:\/\/www.europesays.com\/pt\/wp-json\/wp\/v2\/categories?post=186101"},{"taxonomy":"post_tag","embeddable":true,"href":"https:\/\/www.europesays.com\/pt\/wp-json\/wp\/v2\/tags?post=186101"}],"curies":[{"name":"wp","href":"https:\/\/api.w.org\/{rel}","templated":true}]}}