{"id":186105,"date":"2025-12-13T00:12:14","date_gmt":"2025-12-13T00:12:14","guid":{"rendered":"https:\/\/www.europesays.com\/pt\/186105\/"},"modified":"2025-12-13T00:12:14","modified_gmt":"2025-12-13T00:12:14","slug":"rosberg-epoca-de-hamilton-foi-um-verdadeiro-pesadelo-e-uma-forma-pouco-digna-de-terminar-carreira-formula-1","status":"publish","type":"post","link":"https:\/\/www.europesays.com\/pt\/186105\/","title":{"rendered":"Rosberg: \u00ab\u00c9poca de Hamilton foi um verdadeiro pesadelo. \u00c9 uma forma pouco digna de terminar carreira\u00bb &#8211; F\u00f3rmula 1"},"content":{"rendered":"<p>                    12 dezembro 2025 &#8211; 20:17<\/p>\n<p>Antigo piloto alem\u00e3o foi o \u00fanico que superou o brit\u00e2nico no seu auge, ambos com o mesmo carro<\/p>\n<p class=\"\">&#13;<br \/>\n        Nico Rosberg ser\u00e1 para sempre lembrado como o campe\u00e3o mundial de F\u00f3rmula 1 que abdicou que defender o seu t\u00edtulo. O antigo piloto alem\u00e3o, que superou o ent\u00e3o companheiro de equipa Lewis Hamilton na corrida pelo t\u00edtulo mundial de 2016, comentou esta sexta-feira o &#8220;verdadeiro pesadelo&#8221; que o brit\u00e2nico viveu no primeiro ano pela Ferrari.&#13;\n    <\/p>\n<p class=\"\">&#13;<br \/>\n        &#8220;Est\u00e1 a ter muita dificuldade em lidar com tudo isto, porque o seu companheiro de equipa [Charles Leclerc] est\u00e1 a venc\u00ea-lo. Hamilton est\u00e1 a lutar para entrar na Q2 e comete erros sozinho. \u00c9 um verdadeiro pesadelo. Pessoalmente, acho que para ele est\u00e1 a ser ainda pior do que parece para fora. Ele \u00e9 o melhor da hist\u00f3ria, e nunca vamos discutir isso, mas, mesmo assim, acho que tudo isto est\u00e1 a manchar um pouco o seu legado&#8221;, come\u00e7ou por dizer o agora comentador da &#8216;Sky Sports F1&#8217;, assumindo o 6.\u00ba lugar que Lewis Hamilton alcan\u00e7ou este ano deixa-o impedido de pensar na reforma: &#8220;Est\u00e1 simplesmente preso porque agora n\u00e3o pode reformar-se. Quer dizer, tamb\u00e9m por quem o iriam substituir? Se assim fosse, seria uma grande perda de prest\u00edgio, porque assumir este grande projeto e 12 meses depois, simplesmente porque \u00e9 dif\u00edcil, pensar simplesmente que se vai reformar&#8230; As coisas n\u00e3o funcionam assim.&#8221;&#13;\n    <\/p>\n<p class=\"\">&#13;<br \/>\n        E continuou: &#8220;O tempo tamb\u00e9m n\u00e3o joga a favor dele. E n\u00e3o vai ficar mais f\u00e1cil. Por tudo isto, o Lewis encontra-se numa conjuntura muito complicada. \u00c9 uma forma pouco digna de terminar a sua carreira.&#8221;&#13;\n    <\/p>\n<p class=\"\">&#13;<br \/>\n        Em 2025, no primeiro ano pela Ferrari, Lewis Hamilton amealhou um total de 156 pontos, menos\u00a086 que Charles Leclerc (5.\u00ba).&#13;\n    <\/p>\n<p>                Por <a href=\"https:\/\/www.record.pt\/opiniao\/autores\/detalhe\/sergio-magalhaes\" rel=\"nofollow noopener\" target=\"_blank\">S\u00e9rgio Magalh\u00e3es<\/a><\/p>\n","protected":false},"excerpt":{"rendered":"12 dezembro 2025 &#8211; 20:17 Antigo piloto alem\u00e3o foi o \u00fanico que superou o brit\u00e2nico no seu auge,&hellip;\n","protected":false},"author":2,"featured_media":186106,"comment_status":"","ping_status":"","sticky":false,"template":"","format":"standard","meta":{"footnotes":""},"categories":[87],"tags":[135,32,33,134],"class_list":{"0":"post-186105","1":"post","2":"type-post","3":"status-publish","4":"format-standard","5":"has-post-thumbnail","7":"category-desporto","8":"tag-desporto","9":"tag-portugal","10":"tag-pt","11":"tag-sports"},"share_on_mastodon":{"url":"https:\/\/pubeurope.com\/@pt\/115709368555860948","error":""},"_links":{"self":[{"href":"https:\/\/www.europesays.com\/pt\/wp-json\/wp\/v2\/posts\/186105","targetHints":{"allow":["GET"]}}],"collection":[{"href":"https:\/\/www.europesays.com\/pt\/wp-json\/wp\/v2\/posts"}],"about":[{"href":"https:\/\/www.europesays.com\/pt\/wp-json\/wp\/v2\/types\/post"}],"author":[{"embeddable":true,"href":"https:\/\/www.europesays.com\/pt\/wp-json\/wp\/v2\/users\/2"}],"replies":[{"embeddable":true,"href":"https:\/\/www.europesays.com\/pt\/wp-json\/wp\/v2\/comments?post=186105"}],"version-history":[{"count":0,"href":"https:\/\/www.europesays.com\/pt\/wp-json\/wp\/v2\/posts\/186105\/revisions"}],"wp:featuredmedia":[{"embeddable":true,"href":"https:\/\/www.europesays.com\/pt\/wp-json\/wp\/v2\/media\/186106"}],"wp:attachment":[{"href":"https:\/\/www.europesays.com\/pt\/wp-json\/wp\/v2\/media?parent=186105"}],"wp:term":[{"taxonomy":"category","embeddable":true,"href":"https:\/\/www.europesays.com\/pt\/wp-json\/wp\/v2\/categories?post=186105"},{"taxonomy":"post_tag","embeddable":true,"href":"https:\/\/www.europesays.com\/pt\/wp-json\/wp\/v2\/tags?post=186105"}],"curies":[{"name":"wp","href":"https:\/\/api.w.org\/{rel}","templated":true}]}}