{"id":186107,"date":"2025-12-13T00:13:08","date_gmt":"2025-12-13T00:13:08","guid":{"rendered":"https:\/\/www.europesays.com\/pt\/186107\/"},"modified":"2025-12-13T00:13:08","modified_gmt":"2025-12-13T00:13:08","slug":"apos-diagnostico-mariana-weickert-recebe-alerta-de-medica-risco-maior","status":"publish","type":"post","link":"https:\/\/www.europesays.com\/pt\/186107\/","title":{"rendered":"Ap\u00f3s diagn\u00f3stico, Mariana Weickert recebe alerta de m\u00e9dica: &#8216;Risco maior&#8217;"},"content":{"rendered":"<p>A revela\u00e7\u00e3o da apresentadora e modelo <a href=\"https:\/\/caras.com.br\/tags\/mariana-weickert\" rel=\"nofollow noopener\" target=\"_blank\"><strong>Mariana Weickert<\/strong><\/a> (43) de que foi <a href=\"https:\/\/caras.com.br\/bem-estar\/mariana-weickert-revela-descoberta-de-cancer-nunca-imaginei.phtml\" rel=\"nofollow noopener\" target=\"_blank\">diagnosticada com Carcinoma Basocelular<\/a> (CBC) acendeu um alerta importante nas redes sociais. Conhecido por ser silencioso e muitas vezes confundido com les\u00f5es simples, este \u00e9 o tipo de c\u00e2ncer de pele mais frequente no Brasil. Mas, afinal, o que caracteriza essa doen\u00e7a e quando devemos nos preocupar?<\/p>\n<p>Para esclarecer todas as d\u00favidas, a <strong>CARAS Brasil<\/strong> conversou com a <strong>Dra. Natasha Crepaldi<\/strong>, dermatologista, fundadora da cl\u00ednica Crepaldi e refer\u00eancia em sa\u00fade e beleza. Abaixo, entenda o diagn\u00f3stico, os riscos e como se prevenir.<\/p>\n<p> O que \u00e9 o Carcinoma Basocelular? <\/p>\n<p>Ao receber o diagn\u00f3stico, \u00e9 comum o susto imediato. No entanto, a especialista tranquiliza quanto \u00e0 agressividade do tumor, embora ressalte a necessidade de tratamento r\u00e1pido.<\/p>\n<p>\u201cO carcinoma basocelular \u00e9 o tipo mais comum de c\u00e2ncer de pele e, ao mesmo tempo, o menos agressivo na maior parte dos casos. Ele surge de c\u00e9lulas da pele, tem um crescimento lento, com baix\u00edssima chance de dar met\u00e1stase, ou seja, de se espalhar para outros \u00f3rg\u00e3os\u201d, explica Dra. Natasha.<\/p>\n<p>Ela adverte, por\u00e9m, sobre os riscos da neglig\u00eancia:<\/p>\n<p>\u201cO problema \u00e9 que, se for ignorado, ele pode invadir estruturas mais profundas e causar deformidades importantes, principalmente em \u00e1reas como nariz, p\u00e1lpebras e orelhas. A boa not\u00edcia \u00e9 que, quando diagnosticado cedo, as taxas de cura s\u00e3o alt\u00edssimas.\u201d<\/p>\n<p> Sinais de alerta <\/p>\n<p>Muitas vezes, o CBC passa despercebido por parecer algo inofensivo. Segundo a m\u00e9dica, os sinais costumam ser \u201cmuito discretos, por isso tanta gente demora para procurar ajuda\u201d.<\/p>\n<p><strong>Leia tamb\u00e9m<\/strong>: <a href=\"https:\/\/caras.com.br\/kids\/mari-weickert-derrete-coracoes-ao-compartilhar-um-adoravel-registro-de-sua-filha-pingo-junino.phtml\" rel=\"nofollow noopener\" target=\"_blank\">Mari Weickert derrete cora\u00e7\u00f5es ao compartilhar um ador\u00e1vel registro de sua filha: \u201dPingo junino\u201d<\/a><\/p>\n<p>Fique atento a estes sintomas listados pela dermatologista:<\/p>\n<ul>\n<li>\u2018Feridinha\u2019 que n\u00e3o cicatriza em algumas semanas ou que melhora e volta a abrir.<\/li>\n<li>Les\u00e3o que sangra com facilidade ao lavar o rosto, secar com a toalha ou fazer a barba.<\/li>\n<li>Carocinho ou \u2018espinha\u2019 perolada, com brilho, \u00e0s vezes com vasinhos finos na superf\u00edcie.<\/li>\n<li>Mancha ou placa rosada\/avermelhada que descama ou forma casquinha de forma repetida.<\/li>\n<li>\u00c1rea da pele com aspecto de cicatriz recente, mais endurecida e esbranqui\u00e7ada, sem motivo claro.<\/li>\n<\/ul>\n<p>\u201cQualquer altera\u00e7\u00e3o assim, principalmente em \u00e1reas muito expostas ao sol, como rosto, couro cabeludo em quem tem pouca cobertura de cabelo, colo ou ombros, merece avalia\u00e7\u00e3o com o dermatologista\u201c, pontua.<\/p>\n<p> Quem corre mais risco no Brasil? <\/p>\n<p>Vivemos em um pa\u00eds tropical com altos \u00edndices de radia\u00e7\u00e3o UV. A Dra. Natasha refor\u00e7a que \u201cpraticamente todo mundo est\u00e1 mais exposto ao sol do que imagina\u201c, mas elenca os grupos mais vulner\u00e1veis:<\/p>\n<ul>\n<li>Pessoas de pele clara, olhos claros, cabelos loiros ou ruivos.<\/li>\n<li>Quem j\u00e1 teve c\u00e2ncer de pele ou tem hist\u00f3rico familiar.<\/li>\n<li>Profissionais que trabalham ao ar livre (constru\u00e7\u00e3o, agricultura, esporte, tr\u00e2nsito).<\/li>\n<li>Quem teve muitas queimaduras solares na inf\u00e2ncia e adolesc\u00eancia.<\/li>\n<li>Imunossuprimidos (transplantados, algumas doen\u00e7as autoimunes, uso cr\u00f4nico de certos medicamentos).<\/li>\n<\/ul>\n<p> Tratamento e chances de cura <\/p>\n<p>Para quem recebeu o diagn\u00f3stico, como Mariana Weickert, a perspectiva \u00e9 positiva.<\/p>\n<p>\u201cNa grande maioria dos casos, o tratamento \u00e9 cir\u00fargico: a les\u00e3o \u00e9 retirada com uma margem de seguran\u00e7a de pele saud\u00e1vel ao redor. Em \u00e1reas mais delicadas do rosto, ou em tumores maiores e recidivados, muitas vezes usamos a cirurgia microgr\u00e1fica (cirurgia de Mohs), que permite controlar as margens ao microsc\u00f3pio durante a cirurgia e preservar o m\u00e1ximo poss\u00edvel de tecido saud\u00e1vel\u201c, detalha a especialista.<\/p>\n<p>Al\u00e9m da cirurgia, existem alternativas dependendo do caso:<\/p>\n<p>\u201cDependendo do tipo e do local do tumor, tamb\u00e9m podemos lan\u00e7ar m\u00e3o de outras t\u00e9cnicas, como curetagem e eletrocoagula\u00e7\u00e3o, criocirurgia, tratamentos t\u00f3picos em casos muito selecionados, radioterapia ou, em doen\u00e7a avan\u00e7ada, medica\u00e7\u00f5es sist\u00eamicas espec\u00edficas.\u201d<\/p>\n<p>A m\u00e9dica refor\u00e7a o otimismo com o tratamento precoce:<\/p>\n<p>\u201cQuando o carcinoma basocelular \u00e9 diagnosticado pequeno e completamente removido, as taxas de cura passam de 95%. O risco de recidiva \u00e9 maior em tumores grandes, localizados em \u00e1reas de alto risco (nariz, canto interno dos olhos, orelhas), em subtipos histol\u00f3gicos mais agressivos e em pacientes imunossuprimidos.\u201d<\/p>\n<p>Ap\u00f3s o procedimento, a regra \u00e9 clara:<\/p>\n<ul>\n<li>Manter seguimento regular com o dermatologista.<\/li>\n<li>Redobrar os cuidados de fotoprote\u00e7\u00e3o.<\/li>\n<li>Ficar atento a qualquer nova les\u00e3o suspeita e n\u00e3o postergar a avalia\u00e7\u00e3o.<\/li>\n<\/ul>\n<p>\u201cQuem teve um c\u00e2ncer de pele uma vez tem risco maior de desenvolver novas les\u00f5es ao longo da vida, ent\u00e3o o acompanhamento \u00e9 fundamental\u201d, alerta.<\/p>\n<p> Preven\u00e7\u00e3o <\/p>\n<p>O caso da apresentadora serve como um lembrete poderoso sobre a prote\u00e7\u00e3o solar.<\/p>\n<p>\u201cNem todo caso \u00e9 100% evit\u00e1vel, porque existem fatores gen\u00e9ticos e individuais, mas a maioria dos carcinomas basocelulares est\u00e1 diretamente ligada ao excesso de sol acumulado ao longo da vida\u201d, diz Dra. Natasha.<\/p>\n<p>Para se proteger, a m\u00e9dica indica o caminho:<\/p>\n<ul>\n<li>Levar a s\u00e9rio a fotoprote\u00e7\u00e3o di\u00e1ria, e n\u00e3o s\u00f3 na praia ou na piscina.<\/li>\n<li>Evitar queimaduras solares, especialmente na inf\u00e2ncia e adolesc\u00eancia.<\/li>\n<li>Abandonar definitivamente o bronzeamento com c\u00e2maras ou luzes artificiais, que j\u00e1 \u00e9 proibido para fins est\u00e9ticos no Brasil.<\/li>\n<li>Fazer autoexame da pele periodicamente e incluir a consulta com dermatologista na rotina de check-up anual.<\/li>\n<li>Procurar ajuda ao primeiro sinal de \u2018feridinha\u2019 que n\u00e3o cicatriza ou mancha esquisita.<\/li>\n<\/ul>\n<p>A dermatologista finaliza ressaltando a import\u00e2ncia dos cuidados b\u00e1sicos: \u201cUsar filtro solar de amplo espectro, FPS 30 ou mais, reaplicando a cada 2 a 3 horas quando estiver ao ar livre\u201d e \u201cEvitar exposi\u00e7\u00e3o entre 10h e 16h\u201d.<\/p>\n<p>\u201cO relato da Mariana ajuda justamente nisso: lembrar que, mesmo em pessoas jovens, cuidadosas e informadas, o c\u00e2ncer de pele acontece. E que olhar para a pele com aten\u00e7\u00e3o e procurar diagn\u00f3stico precoce faz toda a diferen\u00e7a no tamanho da cirurgia, na cicatriz e na tranquilidade do tratamento\u201d, conclui Dra. Natasha Crepaldi.<\/p>\n<p><strong>CONFIRA PUBLICA\u00c7\u00c3O RECENTE DA CARAS BRASIL NAS\u00a0<a href=\"https:\/\/www.instagram.com\/carasbrasil\/\" rel=\"nofollow noopener\" target=\"_blank\">REDES SOCIAIS:<\/a><\/strong><\/p>\n<blockquote class=\"instagram-media\" style=\"background: #FFF; border: 0; border-radius: 3px; box-shadow: 0 0 1px 0 rgba(0,0,0,0.5),0 1px 10px 0 rgba(0,0,0,0.15); margin: 1px; max-width: 540px; min-width: 326px; padding: 0; width: calc(100% - 2px);\" data-instgrm-permalink=\"https:\/\/www.instagram.com\/p\/DSIzK7-DfiP\/?utm_source=ig_embed&amp;utm_campaign=loading\" data-instgrm-version=\"14\"><\/blockquote>\n<p>        <a href=\"https:\/\/caras.com.br\/autor\/dra-_natasha_crepaldi\" rel=\"nofollow noopener\" target=\"_blank\">&#13;<br \/>\n          <img loading=\"lazy\" decoding=\"async\" alt=\"Dra. Natasha Crepaldi\" src=\"https:\/\/www.europesays.com\/pt\/wp-content\/uploads\/2025\/12\/natasha-crepaldi-e1761585897813-150x150.jpeg\" class=\"avatar avatar-115 photo rounded-circle\" height=\"115\" width=\"115\"\/>        <\/a><\/p>\n<p>Dra. Natasha Crepaldi \u00e9 m\u00e9dica, fundadora da cl\u00ednica Crepaldi e refer\u00eancia na \u00e1rea de sa\u00fade, beleza e bem-estar. Graduou-se em Medicina pela Universidade Federal do Mato Grosso em 2004, \u00e9 especialista em Cl\u00ednica M\u00e9dica e Dermatologia, al\u00e9m de possuir Mestrado em Dermatologia. Movida por sua paix\u00e3o pela \u00e1rea, busca constantemente atualiza\u00e7\u00e3o e aperfei\u00e7oamento, transmitindo conhecimento e experi\u00eancia a todos que a acompanham. A cria\u00e7\u00e3o da cl\u00ednica nasceu de seu desejo de oferecer um espa\u00e7o que unisse qualidade, ci\u00eancia e tecnologia de ponta para promover sa\u00fade e autoestima.&#13;<br \/>\nNatasha Crepaldi &#8211; Dermatologista &#8211; CRM: MT4695 RQE2546<\/p>\n<p>\t                                            <script async src=\"\/\/www.instagram.com\/embed.js\"><\/script><\/p>\n","protected":false},"excerpt":{"rendered":"A revela\u00e7\u00e3o da apresentadora e modelo Mariana Weickert (43) de que foi diagnosticada com Carcinoma Basocelular (CBC) acendeu&hellip;\n","protected":false},"author":2,"featured_media":186108,"comment_status":"","ping_status":"","sticky":false,"template":"","format":"standard","meta":{"footnotes":""},"categories":[86],"tags":[116,37812,32,33,117],"class_list":{"0":"post-186107","1":"post","2":"type-post","3":"status-publish","4":"format-standard","5":"has-post-thumbnail","7":"category-saude","8":"tag-health","9":"tag-mariana-weickert","10":"tag-portugal","11":"tag-pt","12":"tag-saude"},"share_on_mastodon":{"url":"https:\/\/pubeurope.com\/@pt\/115709372762353979","error":""},"_links":{"self":[{"href":"https:\/\/www.europesays.com\/pt\/wp-json\/wp\/v2\/posts\/186107","targetHints":{"allow":["GET"]}}],"collection":[{"href":"https:\/\/www.europesays.com\/pt\/wp-json\/wp\/v2\/posts"}],"about":[{"href":"https:\/\/www.europesays.com\/pt\/wp-json\/wp\/v2\/types\/post"}],"author":[{"embeddable":true,"href":"https:\/\/www.europesays.com\/pt\/wp-json\/wp\/v2\/users\/2"}],"replies":[{"embeddable":true,"href":"https:\/\/www.europesays.com\/pt\/wp-json\/wp\/v2\/comments?post=186107"}],"version-history":[{"count":0,"href":"https:\/\/www.europesays.com\/pt\/wp-json\/wp\/v2\/posts\/186107\/revisions"}],"wp:featuredmedia":[{"embeddable":true,"href":"https:\/\/www.europesays.com\/pt\/wp-json\/wp\/v2\/media\/186108"}],"wp:attachment":[{"href":"https:\/\/www.europesays.com\/pt\/wp-json\/wp\/v2\/media?parent=186107"}],"wp:term":[{"taxonomy":"category","embeddable":true,"href":"https:\/\/www.europesays.com\/pt\/wp-json\/wp\/v2\/categories?post=186107"},{"taxonomy":"post_tag","embeddable":true,"href":"https:\/\/www.europesays.com\/pt\/wp-json\/wp\/v2\/tags?post=186107"}],"curies":[{"name":"wp","href":"https:\/\/api.w.org\/{rel}","templated":true}]}}