{"id":186109,"date":"2025-12-13T00:14:13","date_gmt":"2025-12-13T00:14:13","guid":{"rendered":"https:\/\/www.europesays.com\/pt\/186109\/"},"modified":"2025-12-13T00:14:13","modified_gmt":"2025-12-13T00:14:13","slug":"lili-canecas-fumava-2-macos-de-marlboro-por-dia-dava-glamour","status":"publish","type":"post","link":"https:\/\/www.europesays.com\/pt\/186109\/","title":{"rendered":"Lili Cane\u00e7as fumava 2 ma\u00e7os de Marlboro por dia. &#8220;Dava glamour&#8221;"},"content":{"rendered":"<p>Lili Cane\u00e7as, de 81 anos, fez esta sexta-feira, 12 de dezembro, uma partilha na rede social Instagram na qual recorda o seu casamento.<\/p>\n<p>A famosa socialite, cujo verdadeiro nome \u00e9 Maria Alice de Carvalho Monteiro Cust\u00f3dio, casou-se a 26 de janeiro de 1966 com o empres\u00e1rio \u00c1lvaro Cane\u00e7as.\u00a0<\/p>\n<p>Lili Cane\u00e7as e \u00c1lvaro tiveram dois filhos em comum e divorciaram-se 17 anos depois. Apesar do div\u00f3rcio, a socialite nunca quis perder o apelido de casada.\u00a0<\/p>\n<p>&#8220;No meu casamento, mesmo a cortar o bolo, fumava 2 ma\u00e7os de Marlboro por dia, nem sabia que fazia mal e dava glamour, deixei de fumar 17 anos depois quando me divorciei&#8221;, come\u00e7ou por recordar hoje Lili Cane\u00e7as.\u00a0<\/p>\n<p>O casamento decorreu no Estalagem Muchaxo Hotel, que &#8220;tinha acabado de abrir e era lindo em cima da praia do Guincho, a que mais gostava no mundo&#8221;.\u00a0<\/p>\n<p>Por fim, juntamente com a sua reflex\u00e3o, Lili Cane\u00e7as publicou uma fotografia do casamento e deixou um conselho aos seguidores:<\/p>\n<p>&#8220;Para os meus seguidores, com muito carinho, fumar mata, e um casamento feliz com filhos e uma fam\u00edlia unida \u00e9 uma b\u00ean\u00e7\u00e3o&#8221;, completou.\u00a0<\/p>\n<p>Eis abaixo a publica\u00e7\u00e3o completa:<\/p>\n<blockquote class=\"instagram-media\" style=\"background: #FFF; border: 0; border-radius: 3px; box-shadow: 0 0 1px 0 rgba(0,0,0,0.5),0 1px 10px 0 rgba(0,0,0,0.15); margin: 1px; max-width: 540px; min-width: 326px; padding: 0; width: calc(100% - 2px);\" data-instgrm-captioned=\"\" data-instgrm-permalink=\"https:\/\/www.instagram.com\/p\/DSKl8MtjWBL\/?utm_source=ig_embed&amp;utm_campaign=loading\" data-instgrm-version=\"14\"><p>&#13;<br \/>\n                                                    &#13;\n                                                    <\/p><\/blockquote>\n<p>O empres\u00e1rio \u00c1lvaro Cane\u00e7as morreu em mar\u00e7o de 2022. Ap\u00f3s o div\u00f3rcio de Lili Cane\u00e7as, o milion\u00e1rio portugu\u00eas casou-se com J\u00f4 Cane\u00e7as, que morreu em 2019 v\u00edtima de cancro. A socialite, recorde-se, nunca aceitou de bom grado que a ex-mulher do marido n\u00e3o tivesse deixado de usar publicamente o apelido Cane\u00e7as.\u00a0<\/p>\n<p>                                                    <img decoding=\"async\" src=\"https:\/\/www.europesays.com\/pt\/wp-content\/uploads\/2025\/12\/naom_68e90c5b7f3b0.jpg\" border=\"0\" alt=\"Lili Cane\u00e7as viu contas de Marco Paulo no banco: \"\/><\/p>\n<p>Marco Paulo foi homenageado na SIC esta sexta-feira, tendo o canal recorrido a dois amigos pr\u00f3ximos para recordarem o cantor. Os escolhidos foram Telmo Miranda e Lili Cane\u00e7as, que acabou a fazer diversas revela\u00e7\u00f5es sobre o artista &#8211; nomeadamente sobre a sua alegada fortuna de milh\u00f5es.<\/p>\n<p>                                                     Catarina Carvalho Ferreira | 15:03 &#8211; 10\/10\/2025 <\/p>\n<p>                                            <script async src=\"\/\/www.instagram.com\/embed.js\"><\/script><\/p>\n","protected":false},"excerpt":{"rendered":"Lili Cane\u00e7as, de 81 anos, fez esta sexta-feira, 12 de dezembro, uma partilha na rede social Instagram na&hellip;\n","protected":false},"author":2,"featured_media":186110,"comment_status":"","ping_status":"","sticky":false,"template":"","format":"standard","meta":{"footnotes":""},"categories":[85],"tags":[114,115,32,33],"class_list":{"0":"post-186109","1":"post","2":"type-post","3":"status-publish","4":"format-standard","5":"has-post-thumbnail","7":"category-entretenimento","8":"tag-entertainment","9":"tag-entretenimento","10":"tag-portugal","11":"tag-pt"},"share_on_mastodon":{"url":"https:\/\/pubeurope.com\/@pt\/115709376558899282","error":""},"_links":{"self":[{"href":"https:\/\/www.europesays.com\/pt\/wp-json\/wp\/v2\/posts\/186109","targetHints":{"allow":["GET"]}}],"collection":[{"href":"https:\/\/www.europesays.com\/pt\/wp-json\/wp\/v2\/posts"}],"about":[{"href":"https:\/\/www.europesays.com\/pt\/wp-json\/wp\/v2\/types\/post"}],"author":[{"embeddable":true,"href":"https:\/\/www.europesays.com\/pt\/wp-json\/wp\/v2\/users\/2"}],"replies":[{"embeddable":true,"href":"https:\/\/www.europesays.com\/pt\/wp-json\/wp\/v2\/comments?post=186109"}],"version-history":[{"count":0,"href":"https:\/\/www.europesays.com\/pt\/wp-json\/wp\/v2\/posts\/186109\/revisions"}],"wp:featuredmedia":[{"embeddable":true,"href":"https:\/\/www.europesays.com\/pt\/wp-json\/wp\/v2\/media\/186110"}],"wp:attachment":[{"href":"https:\/\/www.europesays.com\/pt\/wp-json\/wp\/v2\/media?parent=186109"}],"wp:term":[{"taxonomy":"category","embeddable":true,"href":"https:\/\/www.europesays.com\/pt\/wp-json\/wp\/v2\/categories?post=186109"},{"taxonomy":"post_tag","embeddable":true,"href":"https:\/\/www.europesays.com\/pt\/wp-json\/wp\/v2\/tags?post=186109"}],"curies":[{"name":"wp","href":"https:\/\/api.w.org\/{rel}","templated":true}]}}