{"id":18611,"date":"2025-08-06T16:44:14","date_gmt":"2025-08-06T16:44:14","guid":{"rendered":"https:\/\/www.europesays.com\/pt\/18611\/"},"modified":"2025-08-06T16:44:14","modified_gmt":"2025-08-06T16:44:14","slug":"a-maior-arma-contra-o-calor-terracota-usada-para-proteger-o-primeiro-imperador-chines","status":"publish","type":"post","link":"https:\/\/www.europesays.com\/pt\/18611\/","title":{"rendered":"A maior arma contra o calor: terracota, usada para proteger o primeiro imperador chin\u00eas"},"content":{"rendered":"<p class=\"wp-caption-text top\">CoolAnt<\/p>\n<p><img decoding=\"async\" loading=\"lazy\" class=\"wp-image-693364 size-kopa-image-size-3\" src=\"https:\/\/www.europesays.com\/pt\/wp-content\/uploads\/2025\/08\/7874fa10befc5845040ed898cdedb076-783x450.jpg\" alt=\"\" width=\"700\" height=\"402\"  \/><\/p>\n<p class=\"wp-caption-text bot\">Fachada de arrefecimento feita de terracota<\/p>\n<p><strong>Terracota ajuda a combater as temperaturas mais elevadas enfrentadas todos os anos pela \u00cdndia.<\/strong><\/p>\n<p>Perante o aumento das temperaturas e falta de solu\u00e7\u00f5es de arrefecimento, a \u00cdndia est\u00e1 a redescobrir uma tecnologia ancestral com mais de 3.000 anos: a <strong>terracota<\/strong>.<\/p>\n<p>Usada desde a Idade do Bronze pela civiliza\u00e7\u00e3o Harappan para armazenar \u00e1gua, a cer\u00e2mica porosa ainda marca presen\u00e7a em muitas casas indianas sob a forma de potes de barro que arrefecem naturalmente a \u00e1gua. Agora,o material de argila cozida no forno est\u00e1 a ser adaptado para ser usado no <strong>combate ao calor.<\/strong><\/p>\n<p>Apenas cerca de 20% das fam\u00edlias indianas t\u00eam ar condicionado ou ventoinhas, menos de um ter\u00e7o tem acesso a frigor\u00edficos e centenas de milh\u00f5es enfrentam temperaturas elevad\u00edssimas sem arrefecimento artificial. Em 2024, o ano mais quente registado no pa\u00eds, <strong>mais de 700 pessoas morreram<\/strong> devido ao calor extremo. Estima-se que 76% da popula\u00e7\u00e3o indiana esteja em risco elevado ou muito elevado de exposi\u00e7\u00e3o t\u00e9rmica.<\/p>\n<p>Investigadores e arquitetos est\u00e3o a aproveitar as propriedades naturais da terracota para desenvolver solu\u00e7\u00f5es de <strong>arrefecimento passivo<\/strong>, que n\u00e3o dependem de eletricidade, segundo a <a href=\"https:\/\/www.scientificamerican.com\/article\/terracotta-is-a-3-000-year-old-solution-to-fighting-extreme-heat\/\" data-wpel-link=\"external\" target=\"_blank\" rel=\"nofollow external noopener noreferrer\" class=\"ext-link\">Scientific American<\/a>. A superf\u00edcie porosa da terracota permite a evapora\u00e7\u00e3o da \u00e1gua, retirando calor do ambiente envolvente.<\/p>\n<p>Em cidades como Bangalor ou Deli, est\u00e3o a ser implementadas estruturas como ecr\u00e3s ventilados, azulejos perfurados, fachadas respir\u00e1veis e at\u00e9 <strong>\u201cfrigor\u00edficos de barro\u201d<\/strong>, todos inspirados neste princ\u00edpio.<\/p>\n<p>O Ant Studio, sediado em Deli, tem vindo a aplicar a terracota em edif\u00edcios ao criar uma<strong> \u201csegunda pele\u201d<\/strong> sobre o bet\u00e3o que permite reduzir a temperatura entre 6 e 8\u202f\u00b0C. Em regi\u00f5es mais secas, este efeito poder\u00e1 ser ainda mais eficaz. J\u00e1 a MittiCool, no estado de Gujarat, desenvolveu frigor\u00edficos de barro que mant\u00eam os alimentos frescos entre tr\u00eas a cinco dias sem necessidade de eletricidade \u2014 uma alternativa para comunidades sem acesso fi\u00e1vel \u00e0 rede el\u00e9trica.<\/p>\n<p>Al\u00e9m de mais sustent\u00e1vel, a abordagem com terracota \u00e9 mais econ\u00f3mica e adaptada \u00e0s necessidades das popula\u00e7\u00f5es mais vulner\u00e1veis.<\/p>\n<p>    <a href=\"https:\/\/zap.aeiou.pt\/subscrever-newsletter\" data-wpel-link=\"internal\" rel=\"nofollow noopener\" target=\"_blank\">&#13;<br \/>\n        <img loading=\"lazy\" decoding=\"async\" class=\"aligncenter size-full wp-image-575475\" src=\"https:\/\/www.europesays.com\/pt\/wp-content\/uploads\/2025\/08\/2d51fe4a0ba54894421ead1809309ed9-1-450x140.jpg\" alt=\"Subscreva a Newsletter ZAP\" width=\"450\" height=\"140\"\/>&#13;<br \/>\n    <\/a><\/p>\n<p>                <a href=\"https:\/\/whatsapp.com\/channel\/0029VaIC4EE2f3EJZPPSbR34\" data-wpel-link=\"external\" target=\"_blank\" rel=\"nofollow external noopener noreferrer\" class=\"ext-link\">&#13;<br \/>\n                    <img loading=\"lazy\" decoding=\"async\" class=\"aligncenter size-full wp-image-575475\" src=\"https:\/\/www.europesays.com\/pt\/wp-content\/uploads\/2025\/07\/1753561629_441_c68c559d956d4ca20f435ed74a6e71e6.png\" alt=\"Siga-nos no WhatsApp\" width=\"175\" height=\"64\"\/>&#13;<br \/>\n                <\/a><\/p>\n<p>                <a href=\"https:\/\/news.google.com\/publications\/CAAiEHRwZondIV71PDjWNoqMduEqFAgKIhB0cGaJ3SFe9Tw41jaKjHbh?hl=en-US&amp;gl=US&amp;ceid=US%3Aen\" data-wpel-link=\"external\" target=\"_blank\" rel=\"nofollow external noopener noreferrer\" class=\"ext-link\">&#13;<br \/>\n                    <img loading=\"lazy\" decoding=\"async\" class=\"aligncenter size-full wp-image-575475\" src=\"https:\/\/www.europesays.com\/pt\/wp-content\/uploads\/2025\/07\/1753561630_988_5123dd8b087b644fdb8f8603acd1bad4.png\" alt=\"Siga-nos no Google News\" width=\"176\" height=\"64\"\/>&#13;<br \/>\n                <\/a><\/p>\n","protected":false},"excerpt":{"rendered":"CoolAnt Fachada de arrefecimento feita de terracota Terracota ajuda a combater as temperaturas mais elevadas enfrentadas todos os&hellip;\n","protected":false},"author":2,"featured_media":18612,"comment_status":"","ping_status":"","sticky":false,"template":"","format":"standard","meta":{"footnotes":""},"categories":[50],"tags":[964,5291,304,27,28,2834,2271,6934,15,16,14,736,2426,25,26,21,22,62,12,13,19,20,23,24,17,18,29,30,31,2883,63,64,65],"class_list":{"0":"post-18611","1":"post","2":"type-post","3":"status-publish","4":"format-standard","5":"has-post-thumbnail","7":"category-mundo","8":"tag-ambiente","9":"tag-aquecimento-global","10":"tag-arquitetura","11":"tag-breaking-news","12":"tag-breakingnews","13":"tag-calor","14":"tag-clima","15":"tag-construcao-civil","16":"tag-featured-news","17":"tag-featurednews","18":"tag-headlines","19":"tag-historia","20":"tag-india","21":"tag-latest-news","22":"tag-latestnews","23":"tag-main-news","24":"tag-mainnews","25":"tag-mundo","26":"tag-news","27":"tag-noticias","28":"tag-noticias-principais","29":"tag-noticiasprincipais","30":"tag-principais-noticias","31":"tag-principaisnoticias","32":"tag-top-stories","33":"tag-topstories","34":"tag-ultimas","35":"tag-ultimas-noticias","36":"tag-ultimasnoticias","37":"tag-urbanismo","38":"tag-world","39":"tag-world-news","40":"tag-worldnews"},"share_on_mastodon":{"url":"","error":""},"_links":{"self":[{"href":"https:\/\/www.europesays.com\/pt\/wp-json\/wp\/v2\/posts\/18611","targetHints":{"allow":["GET"]}}],"collection":[{"href":"https:\/\/www.europesays.com\/pt\/wp-json\/wp\/v2\/posts"}],"about":[{"href":"https:\/\/www.europesays.com\/pt\/wp-json\/wp\/v2\/types\/post"}],"author":[{"embeddable":true,"href":"https:\/\/www.europesays.com\/pt\/wp-json\/wp\/v2\/users\/2"}],"replies":[{"embeddable":true,"href":"https:\/\/www.europesays.com\/pt\/wp-json\/wp\/v2\/comments?post=18611"}],"version-history":[{"count":0,"href":"https:\/\/www.europesays.com\/pt\/wp-json\/wp\/v2\/posts\/18611\/revisions"}],"wp:featuredmedia":[{"embeddable":true,"href":"https:\/\/www.europesays.com\/pt\/wp-json\/wp\/v2\/media\/18612"}],"wp:attachment":[{"href":"https:\/\/www.europesays.com\/pt\/wp-json\/wp\/v2\/media?parent=18611"}],"wp:term":[{"taxonomy":"category","embeddable":true,"href":"https:\/\/www.europesays.com\/pt\/wp-json\/wp\/v2\/categories?post=18611"},{"taxonomy":"post_tag","embeddable":true,"href":"https:\/\/www.europesays.com\/pt\/wp-json\/wp\/v2\/tags?post=18611"}],"curies":[{"name":"wp","href":"https:\/\/api.w.org\/{rel}","templated":true}]}}